{"id":108774,"date":"2023-09-29T10:15:45","date_gmt":"2023-09-29T13:15:45","guid":{"rendered":"https:\/\/www.actualidadadiario.com\/?p=108774"},"modified":"2023-09-29T10:15:45","modified_gmt":"2023-09-29T13:15:45","slug":"entre-rios-celebra-a-su-patrono","status":"publish","type":"post","link":"https:\/\/www.actualidadadiario.com\/index.php\/2023\/09\/29\/entre-rios-celebra-a-su-patrono\/","title":{"rendered":"Entre R\u00edos celebra a su patrono"},"content":{"rendered":"<p style=\"text-align: center;\"><em><strong>Este viernes 29 se conmemora la celebraci\u00f3n de San Miguel Arc\u00e1ngel, patrono de la provincia de Entre R\u00edos<\/strong><\/em><\/p>\n<p>&nbsp;<\/p>\n<p>&nbsp;<\/p>\n<p>Debido al feriado provincial no hay actividades en las escuelas, administraci\u00f3n p\u00fablica ni los bancos. Asimismo, se supo que gran parte de los comercios trabajar\u00e1n con normalidad, ya que muchos no tuvieron actividad el pasado lunes por el d\u00eda del trabajador mercantil, y la presente jornada el feriado es opcional para este sector.<\/p>\n<p>En 1825 San Miguel Arc\u00e1ngel fue elegido como patrono de Entre R\u00edos, a partir de la elecci\u00f3n realizada en la plaza de Paran\u00e1 para definir el patronazgo de la ciudad, entre Nuestra Se\u00f1ora del Rosario y San Miguel. La virgen del Rosario result\u00f3 la elegida como patrona de Paran\u00e1, y se resolvi\u00f3 que San Miguel lo fuera de Entre R\u00edos.<\/p>\n","protected":false},"excerpt":{"rendered":"<p>Este viernes 29 se conmemora la celebraci\u00f3n de San Miguel Arc\u00e1ngel, patrono de la provincia de Entre R\u00edos &nbsp; &nbsp; Debido al feriado provincial no hay actividades en las escuelas, administraci\u00f3n p\u00fablica ni los bancos. Asimismo, se supo que gran parte de los comercios trabajar\u00e1n con normalidad, ya que muchos no tuvieron actividad el pasado lunes por el d\u00eda del trabajador mercantil, y la presente jornada el feriado es opcional para este sector. En 1825 San Miguel Arc\u00e1ngel fue elegido como patrono de Entre R\u00edos, a partir de la elecci\u00f3n&#8230;<\/p>\n","protected":false},"author":3,"featured_media":108471,"comment_status":"closed","ping_status":"closed","sticky":false,"template":"","format":"standard","meta":[],"categories":[15],"tags":[],"_links":{"self":[{"href":"https:\/\/www.actualidadadiario.com\/index.php\/wp-json\/wp\/v2\/posts\/108774"}],"collection":[{"href":"https:\/\/www.actualidadadiario.com\/index.php\/wp-json\/wp\/v2\/posts"}],"about":[{"href":"https:\/\/www.actualidadadiario.com\/index.php\/wp-json\/wp\/v2\/types\/post"}],"author":[{"embeddable":true,"href":"https:\/\/www.actualidadadiario.com\/index.php\/wp-json\/wp\/v2\/users\/3"}],"replies":[{"embeddable":true,"href":"https:\/\/www.actualidadadiario.com\/index.php\/wp-json\/wp\/v2\/comments?post=108774"}],"version-history":[{"count":1,"href":"https:\/\/www.actualidadadiario.com\/index.php\/wp-json\/wp\/v2\/posts\/108774\/revisions"}],"predecessor-version":[{"id":108775,"href":"https:\/\/www.actualidadadiario.com\/index.php\/wp-json\/wp\/v2\/posts\/108774\/revisions\/108775"}],"wp:featuredmedia":[{"embeddable":true,"href":"https:\/\/www.actualidadadiario.com\/index.php\/wp-json\/wp\/v2\/media\/108471"}],"wp:attachment":[{"href":"https:\/\/www.actualidadadiario.com\/index.php\/wp-json\/wp\/v2\/media?parent=108774"}],"wp:term":[{"taxonomy":"category","embeddable":true,"href":"https:\/\/www.actualidadadiario.com\/index.php\/wp-json\/wp\/v2\/categories?post=108774"},{"taxonomy":"post_tag","embeddable":true,"href":"https:\/\/www.actualidadadiario.com\/index.php\/wp-json\/wp\/v2\/tags?post=108774"}],"curies":[{"name":"wp","href":"https:\/\/api.w.org\/{rel}","templated":true}]}}