{"id":108769,"date":"2023-09-29T10:13:34","date_gmt":"2023-09-29T13:13:34","guid":{"rendered":"https:\/\/www.actualidadadiario.com\/?p=108769"},"modified":"2023-09-29T10:13:34","modified_gmt":"2023-09-29T13:13:34","slug":"media-sancion-al-proyecto-de-reducir-iva-en-tarifa-electrica-y-otros-beneficios-para-entre-rios","status":"publish","type":"post","link":"https:\/\/www.actualidadadiario.com\/index.php\/2023\/09\/29\/media-sancion-al-proyecto-de-reducir-iva-en-tarifa-electrica-y-otros-beneficios-para-entre-rios\/","title":{"rendered":"Media sanci\u00f3n al proyecto de reducir IVA en tarifa el\u00e9ctrica y otros beneficios para Entre R\u00edos"},"content":{"rendered":"<p style=\"text-align: center;\"><em><strong>Apunta a reducir del 21 al 5% el IVA cuando se trata de consumo familiar. Adem\u00e1s, aumenta las regal\u00edas que cobran las provincias productoras de energ\u00eda, como Entre R\u00edos, y que esto se destine a reducir la tarifa. Recibi\u00f3 media sanci\u00f3n<\/strong><\/em><\/p>\n<p>&nbsp;<\/p>\n<p>&nbsp;<\/p>\n<p>El Senado de la Naci\u00f3n aprob\u00f3, y gir\u00f3 a Diputados, un proyecto de ley que propone reducir el IVA en la tarifa el\u00e9ctrica, que las distribuidoras no cobren cargos extra, aumentar las regal\u00edas que cobran las provincias productoras de energ\u00eda y que esto se destine a reducir la tarifa, y que tambi\u00e9n avanza en la federalizaci\u00f3n de los costos de transporte de la energ\u00eda para evitar distorsiones como que Buenos Aires pague menos que el resto de las provincias.<\/p>\n<p>La iniciativa propone reducir del 21 al 5% el Impuesto al Valor Agregado (IVA) en la tarifa el\u00e9ctrica cuando se trata de consumo familiar y del 27% al 10,5% para usuarios comerciales, industriales y pymes.<\/p>\n<p>El proyecto tambi\u00e9n establece que las distribuidoras energ\u00e9ticas no podr\u00e1n cobrar cargos extras ya que \u201clas tasas y contribuciones que cobran a los usuarios encarecen el precio final de la boleta de luz\u201d.<\/p>\n<p>Por otra parte, el senador Edgardo Kueider afirm\u00f3 que su iniciativa \u201cimpulsa el incremento de las regal\u00edas que perciben las provincias productoras de energ\u00eda, que pasar\u00edan del 12% actual al 20%, y deber\u00e1 ser destinado a la reducci\u00f3n del costo de la tarifa el\u00e9ctrica\u201d.<\/p>\n<p>Con el mismo objetivo el proyecto tambi\u00e9n impulsa el aumento del precio que CAMMESA le paga a la represa de Salto Grande por la energ\u00eda que produce: \u201cla idea es que lo que se le pague sea el promedio del mercado el\u00e9ctrico mayorista y que la mitad de lo recaudado por ese aumento tambi\u00e9n sea destinado a la disminuci\u00f3n del importe del costo final de servicio\u201d.<\/p>\n","protected":false},"excerpt":{"rendered":"<p>Apunta a reducir del 21 al 5% el IVA cuando se trata de consumo familiar. Adem\u00e1s, aumenta las regal\u00edas que cobran las provincias productoras de energ\u00eda, como Entre R\u00edos, y que esto se destine a reducir la tarifa. Recibi\u00f3 media sanci\u00f3n &nbsp; &nbsp; El Senado de la Naci\u00f3n aprob\u00f3, y gir\u00f3 a Diputados, un proyecto de ley que propone reducir el IVA en la tarifa el\u00e9ctrica, que las distribuidoras no cobren cargos extra, aumentar las regal\u00edas que cobran las provincias productoras de energ\u00eda y que esto se destine a reducir&#8230;<\/p>\n","protected":false},"author":3,"featured_media":108770,"comment_status":"closed","ping_status":"closed","sticky":false,"template":"","format":"standard","meta":[],"categories":[15],"tags":[],"_links":{"self":[{"href":"https:\/\/www.actualidadadiario.com\/index.php\/wp-json\/wp\/v2\/posts\/108769"}],"collection":[{"href":"https:\/\/www.actualidadadiario.com\/index.php\/wp-json\/wp\/v2\/posts"}],"about":[{"href":"https:\/\/www.actualidadadiario.com\/index.php\/wp-json\/wp\/v2\/types\/post"}],"author":[{"embeddable":true,"href":"https:\/\/www.actualidadadiario.com\/index.php\/wp-json\/wp\/v2\/users\/3"}],"replies":[{"embeddable":true,"href":"https:\/\/www.actualidadadiario.com\/index.php\/wp-json\/wp\/v2\/comments?post=108769"}],"version-history":[{"count":1,"href":"https:\/\/www.actualidadadiario.com\/index.php\/wp-json\/wp\/v2\/posts\/108769\/revisions"}],"predecessor-version":[{"id":108771,"href":"https:\/\/www.actualidadadiario.com\/index.php\/wp-json\/wp\/v2\/posts\/108769\/revisions\/108771"}],"wp:featuredmedia":[{"embeddable":true,"href":"https:\/\/www.actualidadadiario.com\/index.php\/wp-json\/wp\/v2\/media\/108770"}],"wp:attachment":[{"href":"https:\/\/www.actualidadadiario.com\/index.php\/wp-json\/wp\/v2\/media?parent=108769"}],"wp:term":[{"taxonomy":"category","embeddable":true,"href":"https:\/\/www.actualidadadiario.com\/index.php\/wp-json\/wp\/v2\/categories?post=108769"},{"taxonomy":"post_tag","embeddable":true,"href":"https:\/\/www.actualidadadiario.com\/index.php\/wp-json\/wp\/v2\/tags?post=108769"}],"curies":[{"name":"wp","href":"https:\/\/api.w.org\/{rel}","templated":true}]}}