{"id":108766,"date":"2023-09-29T10:12:46","date_gmt":"2023-09-29T13:12:46","guid":{"rendered":"https:\/\/www.actualidadadiario.com\/?p=108766"},"modified":"2023-09-29T10:12:46","modified_gmt":"2023-09-29T13:12:46","slug":"bahl-nuestro-compromiso-es-brindar-servicios-eficientes-y-acompanar-a-quienes-producen-y-generan-empleo","status":"publish","type":"post","link":"https:\/\/www.actualidadadiario.com\/index.php\/2023\/09\/29\/bahl-nuestro-compromiso-es-brindar-servicios-eficientes-y-acompanar-a-quienes-producen-y-generan-empleo\/","title":{"rendered":"Bahl: \u201cNuestro compromiso es brindar servicios eficientes y acompa\u00f1ar a quienes producen y generan empleo\u201d"},"content":{"rendered":"<p style=\"text-align: center;\"><em><strong>El candidato a Gobernador por M\u00e1s para Entre R\u00edos, Ad\u00e1n Bahl, visit\u00f3 las localidades de Rosario del Tala, Maci\u00e1 y Mansilla &#8211;\u00a0 Durante su recorrido, dialog\u00f3 con medios locales, se reuni\u00f3 con referentes del departamento y visit\u00f3 las empresas av\u00edcolas Huevo Campo y Rothex SRL<\/strong><\/em><\/p>\n<p>&nbsp;<\/p>\n<p>&nbsp;<\/p>\n<p>\u201cEn cada localidad nos reunimos con el sector productivo, industrial, las instituciones. Los escuchamos para planificar soluciones concretas\u201d, remarc\u00f3 Bahl y agreg\u00f3 que \u201csu compromiso es que el Estado provincial brinde servicios eficientes en cuanto a salud, educaci\u00f3n, seguridad\u201d. Adem\u00e1s, indici\u00f3 el \u201cacompa\u00f1ar atendiendo las necesidades de quienes producen y generan empleo, entre ellas, los caminos de la producci\u00f3n y la infraestructura el\u00e9ctrica\u201d.<\/p>\n<p>\u201cJunto con Claudia somos personas pr\u00e1cticas, con experiencia. Sabemos c\u00f3mo generar un salto de calidad y m\u00e1s oportunidades, sobre todo para nuestros j\u00f3venes, como lo hizo ella en Villaguay y yo en Paran\u00e1\u201d, explic\u00f3. Luego, concluy\u00f3 que Entre R\u00edos est\u00e1 \u201cordenada y en marcha gracias a la gesti\u00f3n de Gustavo Bordet\u201d, lo que permite \u201cir por m\u00e1s junto a un candidato con la capacidad de trabajo de Sergio Massa en la Naci\u00f3n\u201d.<\/p>\n<p>El candidato a Intendente de Rosario del Tala, Juan Manuel Brieva, acompa\u00f1ado de Laura Quintana candidata a viceintendenta de esa localidad valor\u00f3 \u201cla claridad\u201d de Bahl, quien \u201cle da la misma importancia a cada pueblo y cada ciudad. Queremos trabajar con un gobernador as\u00ed, que es entrerriano, intendente y sabe gestionar y administrar\u201d.<\/p>\n<p>El candidato a senador por el departamento, Juan Diego Conti, a\u00f1adi\u00f3 que Bahl es un \u201cconocedor profundo de cada rinc\u00f3n de la provincia y de las realidades de todos los sectores\u201d. Por eso, \u201ctenemos la convicci\u00f3n de que Beto sea el pr\u00f3ximo gobernador de los entrerrianos\u201d.<\/p>\n<p>El contador y empresario, Sergio Roth, agradeci\u00f3 la presencia de Bahl y afirm\u00f3: \u201cCelebro que alguien que quiere ocupar semejante puesto visite el centro de la provincia, teniendo un contacto real con lo que pasa, pisando la tierra, para dialogar y escuchar lo que necesitamos\u201d.<\/p>\n<p>Acompa\u00f1aron adem\u00e1s los candidatos del frente M\u00e1s para Entre R\u00edos en Maci\u00e1, Ariel M\u00fcller, en Gdor. Mansilla, Rodolfo Oru\u00e9 el actual diputado provincial Juan Navarro, y el candidato al Parlasur, Lautaro Gervasoni, precandidatos que participaron de las Paso en agosto y candidatos de juntas y comunas del departamento.<\/p>\n<p>Entre otras actividades, y acompa\u00f1ado por vecinos y militancia de cada localidad, Bahl dialog\u00f3 con medios locales, se reuni\u00f3 con referentes del departamento y visit\u00f3 las empresas av\u00edcolas Huevo Campo y Rothex SRL.<\/p>\n","protected":false},"excerpt":{"rendered":"<p>El candidato a Gobernador por M\u00e1s para Entre R\u00edos, Ad\u00e1n Bahl, visit\u00f3 las localidades de Rosario del Tala, Maci\u00e1 y Mansilla &#8211;\u00a0 Durante su recorrido, dialog\u00f3 con medios locales, se reuni\u00f3 con referentes del departamento y visit\u00f3 las empresas av\u00edcolas Huevo Campo y Rothex SRL &nbsp; &nbsp; \u201cEn cada localidad nos reunimos con el sector productivo, industrial, las instituciones. Los escuchamos para planificar soluciones concretas\u201d, remarc\u00f3 Bahl y agreg\u00f3 que \u201csu compromiso es que el Estado provincial brinde servicios eficientes en cuanto a salud, educaci\u00f3n, seguridad\u201d. Adem\u00e1s, indici\u00f3 el \u201cacompa\u00f1ar&#8230;<\/p>\n","protected":false},"author":3,"featured_media":108767,"comment_status":"closed","ping_status":"closed","sticky":false,"template":"","format":"standard","meta":[],"categories":[15],"tags":[],"_links":{"self":[{"href":"https:\/\/www.actualidadadiario.com\/index.php\/wp-json\/wp\/v2\/posts\/108766"}],"collection":[{"href":"https:\/\/www.actualidadadiario.com\/index.php\/wp-json\/wp\/v2\/posts"}],"about":[{"href":"https:\/\/www.actualidadadiario.com\/index.php\/wp-json\/wp\/v2\/types\/post"}],"author":[{"embeddable":true,"href":"https:\/\/www.actualidadadiario.com\/index.php\/wp-json\/wp\/v2\/users\/3"}],"replies":[{"embeddable":true,"href":"https:\/\/www.actualidadadiario.com\/index.php\/wp-json\/wp\/v2\/comments?post=108766"}],"version-history":[{"count":1,"href":"https:\/\/www.actualidadadiario.com\/index.php\/wp-json\/wp\/v2\/posts\/108766\/revisions"}],"predecessor-version":[{"id":108768,"href":"https:\/\/www.actualidadadiario.com\/index.php\/wp-json\/wp\/v2\/posts\/108766\/revisions\/108768"}],"wp:featuredmedia":[{"embeddable":true,"href":"https:\/\/www.actualidadadiario.com\/index.php\/wp-json\/wp\/v2\/media\/108767"}],"wp:attachment":[{"href":"https:\/\/www.actualidadadiario.com\/index.php\/wp-json\/wp\/v2\/media?parent=108766"}],"wp:term":[{"taxonomy":"category","embeddable":true,"href":"https:\/\/www.actualidadadiario.com\/index.php\/wp-json\/wp\/v2\/categories?post=108766"},{"taxonomy":"post_tag","embeddable":true,"href":"https:\/\/www.actualidadadiario.com\/index.php\/wp-json\/wp\/v2\/tags?post=108766"}],"curies":[{"name":"wp","href":"https:\/\/api.w.org\/{rel}","templated":true}]}}