{"id":108763,"date":"2023-09-29T10:11:12","date_gmt":"2023-09-29T13:11:12","guid":{"rendered":"https:\/\/www.actualidadadiario.com\/?p=108763"},"modified":"2023-09-29T10:20:40","modified_gmt":"2023-09-29T13:20:40","slug":"las-candidatas-del-peronismo-entrerriano-se-reunieron-para-expresar-la-potencia-politica-de-las-mujeres","status":"publish","type":"post","link":"https:\/\/www.actualidadadiario.com\/index.php\/2023\/09\/29\/las-candidatas-del-peronismo-entrerriano-se-reunieron-para-expresar-la-potencia-politica-de-las-mujeres\/","title":{"rendered":"Las candidatas del peronismo entrerriano se reunieron para expresar \u201cla potencia pol\u00edtica de las mujeres\u201d"},"content":{"rendered":"<p style=\"text-align: center;\"><em><strong>La vicegobernadora y candidata a diputada provincial, Laura Stratta, encabez\u00f3 el encuentro \u201cS\u00ed, hay candidatas\u201d, acompa\u00f1ada por Claudia Monjo y Rosario Romero. De la actividad participaron unas 600 mujeres candidatas y militantes<\/strong><\/em><\/p>\n<p>&nbsp;<\/p>\n<p>&nbsp;<\/p>\n<p>El encuentro se desarroll\u00f3 este jueves por la tarde en el Camping FATSA de Paran\u00e1 y cont\u00f3 con la participaci\u00f3n de candidatas del oficialismo de todos los departamentos de la provincia y tambi\u00e9n de numerosas militantes.<\/p>\n<p>Stratta manifest\u00f3 su emoci\u00f3n y alegr\u00eda por estar compartiendo un encuentro con compa\u00f1eras y militantes de toda la provincia, especialmente, visibilizando \u201cla potencia pol\u00edtica de las mujeres\u201d protagonizando en las elecciones de 2023.<\/p>\n<p>Sobre los caminos recorridos, Stratta record\u00f3 c\u00f3mo se gest\u00f3 la Ley de Paridad Integral en el contexto de pandemia, y las reuniones previas a la Red para la Igualdad, multipartidaria y multisectorial. \u201cA partir de esa ley tenemos una democracia que es mejor, las democracias paritarias son democracias mejores, m\u00e1s plurales y m\u00e1s representativas\u201d, destac\u00f3.<\/p>\n<p>En otro tramo de su discurso, record\u00f3 a Evita \u201cuna figura pol\u00edtica que disput\u00f3 y construy\u00f3 poder cuando las mujeres no vot\u00e1bamos, cuando las mujeres ni siquiera pod\u00edamos elegir\u201d.<\/p>\n<p>\u201cLas mujeres sabemos de disputas de poder, sabemos de lucha, sabemos de derechos, sabemos de conquistas y tambi\u00e9n sabemos lo que significa cuando se retrocede, cuando los derechos est\u00e1n en jaque. Por eso me parece que en este momento, en el marco de esta lucha pol\u00edtica y electoral, tenemos que tener claridad y argumentar, porque se trata nada m\u00e1s y nada menos que de defender derechos y de conquistas sociales\u201d, asever\u00f3.<\/p>\n<p>En esta l\u00ednea, la vicegobernadora expres\u00f3: \u201c\u00bfC\u00f3mo nosotras vamos a dejar que un porte\u00f1o venga a gobernar la provincia de Entre R\u00edos recitando frases de un manual de marketing? \u00bfC\u00f3mo nosotras no vamos a defender a Beto, que es un hombre de este pueblo, de esta tierra, junto con su compa\u00f1era de f\u00f3rmula Claudia, que viene de ser ocho a\u00f1os intendenta en su territorio y resolverle las cosas a la gente?\u201d, se pregunt\u00f3. No podemos mirar de costado como un hombre con una motosierra se pasea por los canales de televisi\u00f3n planteando que van a recortar los derechos. C\u00f3mo vamos a permanecer nosotros mirando y creyendo que esto no nos va a pasar si se trata del contexto, de la realidad que nos atraviesa y nos interpela\u201d, advirti\u00f3.<\/p>\n<p>Y continu\u00f3: \u201cTenemos con qu\u00e9 y tenemos con qui\u00e9nes. Por eso me parece que la batalla es cultural, es pol\u00edtica, es electoral y creo que est\u00e1 muy bueno que hoy cada una de nosotras est\u00e9 aqu\u00ed ratificando un compromiso\u201d.<\/p>\n<p>Stratta tambi\u00e9n dijo en su discurso que es necesario militar el \u201cS\u00ed, hay Mujeres\u201d destacando la unidad del espacio. \u201cQuiero agradecerles por estar hoy en este encuentro. Ac\u00e1 est\u00e1n las mujeres peronistas que van a salir a militar con coraje, con convicci\u00f3n, con amor, con compromiso, con organizaci\u00f3n, haciendo lo que hay que hacer, no dejando nada, nada librado al azar y con la certeza, compa\u00f1eras, que trabajamos por la alegr\u00eda de nuestro pueblo y la grandeza de nuestra naci\u00f3n\u201d, cerr\u00f3.<\/p>\n<p>&nbsp;<\/p>\n<p><strong>Modelo de pa\u00eds y de provincia<\/strong><\/p>\n<p>A su turno, la candidata a vicegobernadora Claudia Monjo, dijo en su discurso: \u201cNos encanta decir que estamos en un d\u00eda peronista y nos sentimos orgullosas de ser peronistas y de estar todas juntas compartiendo, abraz\u00e1ndonos y d\u00e1ndonos muchas fuerzas en estos 25 d\u00edas que nos quedan para el 22 de octubre. Y hago m\u00edas las palabras de todas y cada una de ustedes de las que hablaron antes porque todas dijeron cosas muy importantes, muy valiosas, que creo que nos identifican a todas las que estamos ac\u00e1\u201d.<\/p>\n<p>Luego, la actual intendenta de Villaguay consider\u00f3 adem\u00e1s que \u201cestamos viviendo un momento en que el pa\u00eds nos convoca, las comunidades nuestras nos convocan, la provincia nos convoca a seguir defendiendo tantos derechos que se han conquistado y no tenemos que dar ning\u00fan paso atr\u00e1s\u201d, subray\u00f3 y agreg\u00f3: \u201cAc\u00e1 se juega un modelo de pa\u00eds, un modelo de provincia y un modelo en cada una de nuestras localidades\u201d.<\/p>\n<p>&nbsp;<\/p>\n<p><strong>Saludo de Bahl<\/strong><\/p>\n<p>Durante la actividad, el candidato a gobernador de Entre R\u00edos Ad\u00e1n Bahl envi\u00f3 un video con un mensaje para todas las mujeres presentes: \u201cHoy no puedo estar acompa\u00f1\u00e1ndolas, pero quiero mandarle un fuerte abrazo y felicitarlas especialmente por esta iniciativa. Tenemos muchos logros, tenemos la paridad de g\u00e9nero que ha sido un logro de la lucha de todas ustedes, de Laura Stratta, son logros que tenemos que defender. Tambi\u00e9n tenemos que gritar muy fuerte en Entre R\u00edos: Si, hay candidatas. Y tenemos que seguir trabajando de ac\u00e1 al 22 de octubre para que la provincia siga siendo peronista. Abrazo grande para todas\u201d, fueron las palabras de Bahl.<\/p>\n<p>&nbsp;<\/p>\n<p><strong>Presencias<\/strong><\/p>\n<p>El encuentro cont\u00f3 con la participaci\u00f3n de candidatas de todos los departamentos de Entre R\u00edos, entre ellas, Mariela Ponce, secretaria General de ATSA y candidata a concejal por Paran\u00e1; Lorena Arrozogaray, viceintendenta de Gualeguaych\u00fa y candidata a diputada provincial; Silvina Decc\u00f3, coordinadora del \u00c1rea de Desarrollo Humano del Municipio de Diamante y candidata a diputada provincial; Micaela Cevasco, candidata a concejal por Gualeguay; Silvia Nene Moreno, candidata a diputada provincial del Departamento San Jos\u00e9 de Feliciano; Patricia D\u00edaz candidata a senadora por el Departamento La Paz; Mayda Cresto candidata a senadora por Concordia; Marisa Follonier viceintendenta de San Jos\u00e9 y candidata a senadora por su departamento; Mireya L\u00f3pez Bernis, candidata a viceintendenta de Concordia; Roc\u00edo Bordet, candidata a viceintendenta de San Salvador; Isa Castagnino, candidata a intendenta de Victoria; Laura Quintana, candidata a viceintendente de Rosario del Tala; y Luj\u00e1n Hermosa, candidata a intendenta de Santa Ana del departamento Federaci\u00f3n, entre otras.<\/p>\n<p>Adem\u00e1s, estuvieron presentes legisladoras provinciales y nacionales, referentes sindicales, concejalas, intendentas y viceintendentas de distintas localidades entrerrianas.<\/p>\n<p>&nbsp;<\/p>\n<p><strong>La Ley de Paridad Integral<\/strong><\/p>\n<p>La Ley de Paridad Integral N\u00ba 10.844 fue promulgada en 2020, impulsada por la vicegobernadora a trav\u00e9s de la Red para la Igualdad. La misma establece el principio de paridad de g\u00e9nero en la conformaci\u00f3n e integraci\u00f3n del Poder Legislativo, Poder Ejecutivo, Poder Judicial, Partidos Pol\u00edticos, Asociaciones, Colegios y Consejos Profesionales.<\/p>\n<p>Se entiende por paridad de g\u00e9nero la representaci\u00f3n igualitaria de varones y mujeres en un cincuenta por ciento (50%) para cada g\u00e9nero en la conformaci\u00f3n de listas electorales, y en la composici\u00f3n de estructuras org\u00e1nicas o de cargos y temas o n\u00f3minas de designaci\u00f3n.<\/p>\n","protected":false},"excerpt":{"rendered":"<p>La vicegobernadora y candidata a diputada provincial, Laura Stratta, encabez\u00f3 el encuentro \u201cS\u00ed, hay candidatas\u201d, acompa\u00f1ada por Claudia Monjo y Rosario Romero. De la actividad participaron unas 600 mujeres candidatas y militantes &nbsp; &nbsp; El encuentro se desarroll\u00f3 este jueves por la tarde en el Camping FATSA de Paran\u00e1 y cont\u00f3 con la participaci\u00f3n de candidatas del oficialismo de todos los departamentos de la provincia y tambi\u00e9n de numerosas militantes. Stratta manifest\u00f3 su emoci\u00f3n y alegr\u00eda por estar compartiendo un encuentro con compa\u00f1eras y militantes de toda la provincia, especialmente,&#8230;<\/p>\n","protected":false},"author":3,"featured_media":108764,"comment_status":"closed","ping_status":"closed","sticky":false,"template":"","format":"standard","meta":[],"categories":[9],"tags":[],"_links":{"self":[{"href":"https:\/\/www.actualidadadiario.com\/index.php\/wp-json\/wp\/v2\/posts\/108763"}],"collection":[{"href":"https:\/\/www.actualidadadiario.com\/index.php\/wp-json\/wp\/v2\/posts"}],"about":[{"href":"https:\/\/www.actualidadadiario.com\/index.php\/wp-json\/wp\/v2\/types\/post"}],"author":[{"embeddable":true,"href":"https:\/\/www.actualidadadiario.com\/index.php\/wp-json\/wp\/v2\/users\/3"}],"replies":[{"embeddable":true,"href":"https:\/\/www.actualidadadiario.com\/index.php\/wp-json\/wp\/v2\/comments?post=108763"}],"version-history":[{"count":1,"href":"https:\/\/www.actualidadadiario.com\/index.php\/wp-json\/wp\/v2\/posts\/108763\/revisions"}],"predecessor-version":[{"id":108765,"href":"https:\/\/www.actualidadadiario.com\/index.php\/wp-json\/wp\/v2\/posts\/108763\/revisions\/108765"}],"wp:featuredmedia":[{"embeddable":true,"href":"https:\/\/www.actualidadadiario.com\/index.php\/wp-json\/wp\/v2\/media\/108764"}],"wp:attachment":[{"href":"https:\/\/www.actualidadadiario.com\/index.php\/wp-json\/wp\/v2\/media?parent=108763"}],"wp:term":[{"taxonomy":"category","embeddable":true,"href":"https:\/\/www.actualidadadiario.com\/index.php\/wp-json\/wp\/v2\/categories?post=108763"},{"taxonomy":"post_tag","embeddable":true,"href":"https:\/\/www.actualidadadiario.com\/index.php\/wp-json\/wp\/v2\/tags?post=108763"}],"curies":[{"name":"wp","href":"https:\/\/api.w.org\/{rel}","templated":true}]}}