{"id":108760,"date":"2023-09-29T10:10:07","date_gmt":"2023-09-29T13:10:07","guid":{"rendered":"https:\/\/www.actualidadadiario.com\/?p=108760"},"modified":"2023-09-29T10:10:07","modified_gmt":"2023-09-29T13:10:07","slug":"galimberti-el-22-de-octubre-va-a-consagrar-a-rogelio-frigerio-como-nuestro-gobernador","status":"publish","type":"post","link":"https:\/\/www.actualidadadiario.com\/index.php\/2023\/09\/29\/galimberti-el-22-de-octubre-va-a-consagrar-a-rogelio-frigerio-como-nuestro-gobernador\/","title":{"rendered":"Galimberti: \u201cEl 22 de octubre va a consagrar a Rogelio Frigerio como nuestro gobernador\u201d"},"content":{"rendered":"<p style=\"text-align: center;\"><em><strong>El legislador nacional, Pedro Galimberti, comparti\u00f3 actividades proselitistas en Federal con Frigerio y vaticin\u00f3 que va a ser el pr\u00f3ximo gobernador. Pidi\u00f3 el compromiso de la militancia para lograr ese objetivo<\/strong><\/em><\/p>\n<p>&nbsp;<\/p>\n<p>&nbsp;<\/p>\n<p>El candidato a gobernador de Juntos por Entre R\u00edos (JxER), Rogelio Frigerio, recorri\u00f3 -en caravana- junto al diputado nacional, Pedro Galimberti, las calles de Federal para luego compartir un acto partidario donde el chajariense anticip\u00f3 una victoria de Frigerio que lo convertir\u00e1 \u201cen el pr\u00f3ximo gobernador de Entre R\u00edos\u201d.<\/p>\n<p>Puntualmente, el ex intendente de Chajar\u00ed, marc\u00f3: &#8220;El cambio no s\u00f3lo es posible en Entre R\u00edos, sino que es necesario y a ese cambio lo represente la expresi\u00f3n que los entrerrianos han elegido, luego del proceso interno\u201d. Y pidi\u00f3: \u201cCada uno de nosotros debe de hacer un gran esfuerzo, si cada uno de nosotros desde el lugar en el que estemos, va y hace la tarea militante que tiene que hacer, no hay ninguna duda de que el 22 de octubre, va a haber un nuevo gobierno, de un nuevo signo pol\u00edtico, que consagrar\u00e1 a Rogelio Frigerio como gobernador. Trabajemos para eso\u201d.<\/p>\n<p>Frigerio por su parte resalt\u00f3 el trabajo del referente radical en la legislatura nacional: &#8220;Compart\u00ed dos a\u00f1os de legislatura con Pedro en donde demostr\u00f3 tener tenacidad y pasi\u00f3n\u201d.<\/p>\n<p>Adem\u00e1s puntualiz\u00f3: \u201cEs bueno recorrer la provincia con candidatos que pueden mirar a los ojos a la gente\u201d.<\/p>\n<p>De las actividades tambi\u00e9n participaron la candidata a intendenta de Federal, Alicia Oviedo; Noelia Taborda, quien busca ser diputada y el candidato a senador, Norberto Goetz.<\/p>\n<p>Cabe destacar, que esta es una nueva muestra de unidad que logra Frigerio y que se suma a las fotos de los \u00faltimos d\u00edas en Gualeguaych\u00fa, Concepci\u00f3n del Uruguay, Concordia y Paran\u00e1.<\/p>\n","protected":false},"excerpt":{"rendered":"<p>El legislador nacional, Pedro Galimberti, comparti\u00f3 actividades proselitistas en Federal con Frigerio y vaticin\u00f3 que va a ser el pr\u00f3ximo gobernador. Pidi\u00f3 el compromiso de la militancia para lograr ese objetivo &nbsp; &nbsp; El candidato a gobernador de Juntos por Entre R\u00edos (JxER), Rogelio Frigerio, recorri\u00f3 -en caravana- junto al diputado nacional, Pedro Galimberti, las calles de Federal para luego compartir un acto partidario donde el chajariense anticip\u00f3 una victoria de Frigerio que lo convertir\u00e1 \u201cen el pr\u00f3ximo gobernador de Entre R\u00edos\u201d. Puntualmente, el ex intendente de Chajar\u00ed, marc\u00f3: &#8220;El&#8230;<\/p>\n","protected":false},"author":3,"featured_media":108761,"comment_status":"closed","ping_status":"closed","sticky":false,"template":"","format":"standard","meta":[],"categories":[15],"tags":[],"_links":{"self":[{"href":"https:\/\/www.actualidadadiario.com\/index.php\/wp-json\/wp\/v2\/posts\/108760"}],"collection":[{"href":"https:\/\/www.actualidadadiario.com\/index.php\/wp-json\/wp\/v2\/posts"}],"about":[{"href":"https:\/\/www.actualidadadiario.com\/index.php\/wp-json\/wp\/v2\/types\/post"}],"author":[{"embeddable":true,"href":"https:\/\/www.actualidadadiario.com\/index.php\/wp-json\/wp\/v2\/users\/3"}],"replies":[{"embeddable":true,"href":"https:\/\/www.actualidadadiario.com\/index.php\/wp-json\/wp\/v2\/comments?post=108760"}],"version-history":[{"count":1,"href":"https:\/\/www.actualidadadiario.com\/index.php\/wp-json\/wp\/v2\/posts\/108760\/revisions"}],"predecessor-version":[{"id":108762,"href":"https:\/\/www.actualidadadiario.com\/index.php\/wp-json\/wp\/v2\/posts\/108760\/revisions\/108762"}],"wp:featuredmedia":[{"embeddable":true,"href":"https:\/\/www.actualidadadiario.com\/index.php\/wp-json\/wp\/v2\/media\/108761"}],"wp:attachment":[{"href":"https:\/\/www.actualidadadiario.com\/index.php\/wp-json\/wp\/v2\/media?parent=108760"}],"wp:term":[{"taxonomy":"category","embeddable":true,"href":"https:\/\/www.actualidadadiario.com\/index.php\/wp-json\/wp\/v2\/categories?post=108760"},{"taxonomy":"post_tag","embeddable":true,"href":"https:\/\/www.actualidadadiario.com\/index.php\/wp-json\/wp\/v2\/tags?post=108760"}],"curies":[{"name":"wp","href":"https:\/\/api.w.org\/{rel}","templated":true}]}}