{"id":108754,"date":"2023-09-28T13:47:17","date_gmt":"2023-09-28T16:47:17","guid":{"rendered":"https:\/\/www.actualidadadiario.com\/?p=108754"},"modified":"2023-09-28T13:47:17","modified_gmt":"2023-09-28T16:47:17","slug":"en-los-dos-ultimos-anos-los-glaciares-suizos-se-derritieron-tanto-como-entre-1960-y-1990","status":"publish","type":"post","link":"https:\/\/www.actualidadadiario.com\/index.php\/2023\/09\/28\/en-los-dos-ultimos-anos-los-glaciares-suizos-se-derritieron-tanto-como-entre-1960-y-1990\/","title":{"rendered":"En los dos \u00faltimos a\u00f1os, los glaciares suizos se derritieron tanto como entre 1960 y 1990"},"content":{"rendered":"<p style=\"text-align: center;\"><em><strong>Un estudio advirti\u00f3 que es posible imaginarse a Suiza &#8220;sin glaciares&#8221; por el cambio clim\u00e1tico. El derretimiento fue de un 6% en 2022 y se situ\u00f3 en torno al 4% en 2023, los dos a\u00f1os con mayores p\u00e9rdidas de volumen desde el inicio de estos registros<\/strong><\/em><\/p>\n<p>&nbsp;<\/p>\n<p>&nbsp;<\/p>\n<p>Los glaciares suizos perdieron en los \u00faltimos dos a\u00f1os alrededor de un 10% de su volumen, tanto como en el periodo 1960-1990, seg\u00fan un estudio local publicado este jueves, en el que se advirti\u00f3 que es posible imaginarse &#8220;este pa\u00eds sin glaciares&#8221; debido al cambio clim\u00e1tico.<\/p>\n<p>El derretimiento fue de un 6% en 2022 y se situ\u00f3 en torno al 4% en 2023, los dos a\u00f1os con mayores p\u00e9rdidas de volumen desde el inicio de estos registros, precis\u00f3 el informe, elaborado por un grupo de expertos que estudia la cri\u00f3sfera (zonas congeladas del planeta) en la Academia Suiza de Ciencias Naturales.<\/p>\n<p>En el art\u00edculo sostuvieron que los glaciares suizos &#8220;se derriten cada vez m\u00e1s r\u00e1pido&#8221; y advirtieron el impacto de la falta de nieve en invierno y las temperaturas extremas en verano.<\/p>\n<p>&#8220;Es una combinaci\u00f3n de la muy mala sucesi\u00f3n de extremos meteorol\u00f3gicos y del cambio clim\u00e1tico&#8221; que hace esos extremos m\u00e1s probables, explic\u00f3 a la agencia de noticias AFP Matthias Huss, quien dirige la red de monitoreo de los glaciares suizos (Glamos).<\/p>\n<p>&nbsp;<\/p>\n<p><strong>Una salida al problema<\/strong><\/p>\n<p>Huss destac\u00f3 que una acci\u00f3n decisiva de &#8220;estabilizaci\u00f3n del clima&#8221; que implique llegar a cero emisiones de C02 podr\u00eda permitir conservar &#8220;un tercio del hielo formado en Suiza&#8221;.<\/p>\n<p>Esto significa &#8220;que todos los peque\u00f1os glaciares habr\u00e1n desaparecido y que los grandes glaciares ser\u00e1n mucho m\u00e1s peque\u00f1os, pero a\u00fan quedar\u00e1 algo de hielo en las regiones m\u00e1s elevadas de los Alpes y algunos glaciares&#8221;, describi\u00f3 Huss.<\/p>\n<p>El derretimiento golpe\u00f3 la totalidad del pa\u00eds de Suiza, considerado como la torre de agua de Europa gracias a sus 1.400 glaciares, que alimentan numerosos lagos, r\u00edos y riachuelos.<\/p>\n<p>En el sur y el este de Suiza, los glaciares se derritieron casi tanto como durante todo el a\u00f1o 2022, que marc\u00f3 un r\u00e9cord, consign\u00f3 AFP.<\/p>\n<p>&nbsp;<\/p>\n<p><strong>Escasez de nieve<\/strong><\/p>\n<p>En estas zonas se registr\u00f3 un derretimiento de varios metros a m\u00e1s de 3.200 metros de altura, donde hasta hace algunos a\u00f1os los glaciares a\u00fan estaban en equilibro.<\/p>\n<p>El fen\u00f3meno se da en el marco de un invierno con escasez de nieve, que durante la segunda quincena de febrero apenas alcanz\u00f3 cerca del 30% de la media plurianual m\u00e1s all\u00e1 de los 1.000 metros de altura.<\/p>\n<p>Encima de los 2.000 metros, m\u00e1s de la mitad de las estaciones autom\u00e1ticas con registros desde al menos 25 a\u00f1os alcanzaron tambi\u00e9n r\u00e9cords m\u00ednimos.<\/p>\n<p>En junio, la capa de nieve se derriti\u00f3 entre dos y cuatro semanas antes de lo normal debido a las altas temperaturas y la sequ\u00eda, lo que impide que se regeneren los glaciares.<\/p>\n<p>El Grupo Intergubernamental de Expertos sobre el Cambio Clim\u00e1tico (IPCC) advirti\u00f3 el a\u00f1o pasado que el derretimiento de los glaciares es una de las diez mayores amenazas causadas por el cambio clim\u00e1tico.<\/p>\n<p>Asimismo, otro estudio publicado en enero en la revista Science alert\u00f3 que la mitad de los glaciares podr\u00edan desaparecer antes de finales de siglo si el alza de las temperaturas se limita a los 1,5 \u00baC respecto al periodo preindustrial, el objetivo m\u00e1s ambicioso del Acuerdo de Par\u00eds sobre el clima.<\/p>\n","protected":false},"excerpt":{"rendered":"<p>Un estudio advirti\u00f3 que es posible imaginarse a Suiza &#8220;sin glaciares&#8221; por el cambio clim\u00e1tico. El derretimiento fue de un 6% en 2022 y se situ\u00f3 en torno al 4% en 2023, los dos a\u00f1os con mayores p\u00e9rdidas de volumen desde el inicio de estos registros &nbsp; &nbsp; Los glaciares suizos perdieron en los \u00faltimos dos a\u00f1os alrededor de un 10% de su volumen, tanto como en el periodo 1960-1990, seg\u00fan un estudio local publicado este jueves, en el que se advirti\u00f3 que es posible imaginarse &#8220;este pa\u00eds sin glaciares&#8221;&#8230;<\/p>\n","protected":false},"author":3,"featured_media":108755,"comment_status":"closed","ping_status":"closed","sticky":false,"template":"","format":"standard","meta":[],"categories":[4],"tags":[],"_links":{"self":[{"href":"https:\/\/www.actualidadadiario.com\/index.php\/wp-json\/wp\/v2\/posts\/108754"}],"collection":[{"href":"https:\/\/www.actualidadadiario.com\/index.php\/wp-json\/wp\/v2\/posts"}],"about":[{"href":"https:\/\/www.actualidadadiario.com\/index.php\/wp-json\/wp\/v2\/types\/post"}],"author":[{"embeddable":true,"href":"https:\/\/www.actualidadadiario.com\/index.php\/wp-json\/wp\/v2\/users\/3"}],"replies":[{"embeddable":true,"href":"https:\/\/www.actualidadadiario.com\/index.php\/wp-json\/wp\/v2\/comments?post=108754"}],"version-history":[{"count":1,"href":"https:\/\/www.actualidadadiario.com\/index.php\/wp-json\/wp\/v2\/posts\/108754\/revisions"}],"predecessor-version":[{"id":108756,"href":"https:\/\/www.actualidadadiario.com\/index.php\/wp-json\/wp\/v2\/posts\/108754\/revisions\/108756"}],"wp:featuredmedia":[{"embeddable":true,"href":"https:\/\/www.actualidadadiario.com\/index.php\/wp-json\/wp\/v2\/media\/108755"}],"wp:attachment":[{"href":"https:\/\/www.actualidadadiario.com\/index.php\/wp-json\/wp\/v2\/media?parent=108754"}],"wp:term":[{"taxonomy":"category","embeddable":true,"href":"https:\/\/www.actualidadadiario.com\/index.php\/wp-json\/wp\/v2\/categories?post=108754"},{"taxonomy":"post_tag","embeddable":true,"href":"https:\/\/www.actualidadadiario.com\/index.php\/wp-json\/wp\/v2\/tags?post=108754"}],"curies":[{"name":"wp","href":"https:\/\/api.w.org\/{rel}","templated":true}]}}