{"id":108740,"date":"2023-09-28T13:18:50","date_gmt":"2023-09-28T16:18:50","guid":{"rendered":"https:\/\/www.actualidadadiario.com\/?p=108740"},"modified":"2023-09-28T13:18:50","modified_gmt":"2023-09-28T16:18:50","slug":"los-candidatos-se-preparan-para-el-debate-presidencial-como-llega-cada-uno-al-domingo","status":"publish","type":"post","link":"https:\/\/www.actualidadadiario.com\/index.php\/2023\/09\/28\/los-candidatos-se-preparan-para-el-debate-presidencial-como-llega-cada-uno-al-domingo\/","title":{"rendered":"Los candidatos se preparan para el debate presidencial: c\u00f3mo llega cada uno al domingo"},"content":{"rendered":"<p style=\"text-align: center;\"><em><strong>Sergio Massa (Uni\u00f3n por la Patria-UxP), Javier Milei (La libertad Avanza-LLA), Patricia Bullrich (Juntos por el Cambio-JxC), Myriam Bregman (Frente de Izquierda Unidad FIT-U) y Juan Schiaretti (Hacemos por Nuestro Pa\u00eds) disputar\u00e1n la atenci\u00f3n de la audiencia<\/strong><\/em><\/p>\n<p>&nbsp;<\/p>\n<p>&nbsp;<\/p>\n<p>Los cinco candidatos presidenciales que competir\u00e1n en las elecciones del 22 de octubre preparan esta semana el enfoque y el tono que le dar\u00e1n a sus mensajes en el primer debate obligatorio que se realizar\u00e1 el domingo pr\u00f3ximo en la Universidad Nacional de Santiago del Estero, donde disertar\u00e1n sobre tres ejes tem\u00e1ticos: econom\u00eda, educaci\u00f3n y derechos humanos.<\/p>\n<p>Los postulantes Sergio Massa (Uni\u00f3n por la Patria-UxP), Javier Milei (La libertad Avanza-LLA), Patricia Bullrich (Juntos por el Cambio-JxC), Myriam Bregman (Frente de Izquierda Unidad FIT-U) y Juan Schiaretti (Hacemos por Nuestro Pa\u00eds) disputar\u00e1n la atenci\u00f3n de la audiencia en el primero de los dos debates presidenciales obligatorios (habr\u00e1 un tercero en caso de balotaje), que ser\u00e1 televisado desde el Centro de Convenciones Provincial Forum de Santiago del Estero.<\/p>\n<p>Esta deliberaci\u00f3n, a cargo de la Universidad Nacional de Santiago del Estero y a s\u00f3lo tres semanas de la elecci\u00f3n presidencial, tendr\u00e1 como moradores a los periodistas Rodolfo Barili, Evangelina Ramallo, Esteban Mirol y Lucila Trujillo.<\/p>\n<p>La compulsa frente a las c\u00e1maras reeditar\u00e1 parte de la estrategia ya desplegada en sus actividades de campa\u00f1a por los postulantes, que tienen expectativas de cautivar el domingo al segmento indeciso del electorado, luego de que las PASO mostraran un voto mayoritario dividido en tres tercios: LLA primero, UXP segundo y JxC tercero.<\/p>\n<p>Frente a sus oponentes, Massa buscar\u00e1 poner en valor la idea de salir de la crisis &#8220;creciendo y distribuyendo&#8221;, con &#8220;medidas de alivio a los trabajadores y pymes&#8221;, &#8220;menos impuestos a los trabajadores&#8221; y \u201crecuperaci\u00f3n del ingreso\u201d.<\/p>\n<p>Los equipos de campa\u00f1a de UxP adelantaron a esta agencia, adem\u00e1s, que Massa dar\u00e1 a conocer durante el debate qui\u00e9n ser\u00e1 su ministro de Econom\u00eda y qui\u00e9n estar\u00e1 al frente del Banco Central, en caso de llegar a la Presidencia, con lo que tambi\u00e9n buscar\u00e1 sorprender a quienes sigan la transmisi\u00f3n del domingo.<\/p>\n<p>&#8220;La salida de la crisis con la recuperaci\u00f3n del ingreso&#8221; ser\u00e1 una de las l\u00edneas a la que recurrir\u00e1 el postulante oficial en el intercambio con sus adversarios, en el que tambi\u00e9n explicar\u00e1 el impacto de varias de sus \u00faltimas medidas, como la eliminaci\u00f3n del Impuesto a las Ganancias para la cuarta categor\u00eda, la devoluci\u00f3n del IVA y los bonos para trabajadores formales, aut\u00f3nomos y sectores informales.<\/p>\n<p>El asesor catal\u00e1n Antoni Guti\u00e9rrez Rub\u00ed; el vicejefe de Gabinete, Juan Manuel Olmos y el asesor en comunicaci\u00f3n del Frente Renovador, Santiago Garc\u00eda V\u00e1zquez, trabajan junto al ministro de Econom\u00eda en el enfoque que le dar\u00e1n a su presentaci\u00f3n.<\/p>\n<p>En tanto, Milei, asesorado por su potencial jefe de Gabinete, Nicol\u00e1s Posse, y los economistas Dar\u00edo Epstein, Carlos Rodr\u00edguez y Emilio Ocampo, centrar\u00e1 sus diatribas en ese campo y apuntar\u00e1 sus cr\u00edticas principalmente a Massa, convencido de que ambos confluir\u00e1n finalmente en el balotaje previsto para noviembre.<\/p>\n<p>Seg\u00fan allegados al libertario, el candidato de LLA vigorizar\u00e1 ante las pantallas su mensaje de desprestigio hacia JxC y apelar\u00e1 a su slogan &#8220;ya est\u00e1n terceros c\u00f3modos&#8221;.<\/p>\n<p>Su compa\u00f1era de f\u00f3rmula, Victoria Villarruel, con v\u00ednculos con exmilitares condenados por delitos de lesa humanidad y quien niega el terrorismo de Estado, tambi\u00e9n asesora a Milei, pero puntualmente en la tem\u00e1tica Derechos Humanos y Convivencia Democr\u00e1tica.<\/p>\n<p>Esos ejes fueron incorporados al debate a pedido de la ciudadan\u00eda, de acuerdo con los resultados de una encuesta abierta al p\u00fablico por la C\u00e1mara Nacional Electoral, luego de que se fijaran inicialmente s\u00f3lo los t\u00f3picos Econom\u00eda y Educaci\u00f3n.<\/p>\n<p>Bullrich, por su parte, est\u00e1 realizando &#8220;pr\u00e1cticas&#8221; para ambos debates, tanto el del domingo pr\u00f3ximo, como el segundo, previsto para el 8 de octubre, en la sede de la Facultad de Derecho de la UBA, ubicada en el barrio porte\u00f1o de Palermo.<\/p>\n<p>Sus voceros contaron que la exministra de Seguridad de Mauricio Macri realiza al menos &#8220;dos sesiones de entrenamiento semanales&#8221;, que incluye una simulaci\u00f3n de los bloques tem\u00e1ticos, el aprovechamiento del tiempo asignado, las frases e hipot\u00e9ticos intercambios.<\/p>\n<p>Su equipo de campa\u00f1a decidi\u00f3 que en Santiago del Estero Bullrich est\u00e9 acompa\u00f1ada por referentes provinciales y que, en cambio, en el debate en territorio porte\u00f1o haya una mayor presencia de referentes nacionales, como su excontrincante interno y jefe de Gobierno capitalino, Horacio Rodr\u00edguez Larreta.<\/p>\n<p>Myriam Bregman, en representaci\u00f3n de la izquierda, buscar\u00e1 interpelar al votante del expostulante presidencial en la interna de UxP, Juan Grabois, dijeron sus voceros, quienes prev\u00e9n un debate &#8220;picante&#8221; e &#8220;imprevisible&#8221;.<\/p>\n<p>En estos d\u00edas Bregman eval\u00faa con su equipo c\u00f3mo destacar ante la audiencia las principales consignas del FIT, el modo de encarar las r\u00e9plicas y f\u00f3rmulas para resaltar las debilidades de sus adversarios.<\/p>\n<p>Apuestan a aprovechar la experiencia de la candidata troskista que ya particip\u00f3 en dos debates anteriormente: como candidata a jefa de Gobierno porte\u00f1a y la \u00faltima en las elecciones legislativas de 2021 donde mantuvo un fuerte cruce con Milei, a quien volver\u00e1 a enfrentar el domingo.<\/p>\n<p>Una de las hist\u00f3ricas consignas de la izquierda, que tendr\u00e1 un lugar central en el debate, es su rechazo al pago de la deuda al FMI por considerarla &#8220;ileg\u00edtima e ilegal&#8221;.<\/p>\n<p>Por \u00faltimo, el gobernador cordob\u00e9s Schiaretti dise\u00f1a su mensaje con su n\u00facleo m\u00e1s cercano -adem\u00e1s de contar con el asesoramiento de la consultora de Guillermo Seita-, que tiene como jefe de campa\u00f1a a Diego Bossio, a la exdiputada Roc\u00edo Giaccone, a Florencio Randazzo, su compa\u00f1ero de f\u00f3rmula, y a su amigo y asesor en comunicaci\u00f3n, Roberto Spossetti.<\/p>\n<p>Allegados al mandatario dijeron que en el debate apelar\u00e1 al slogan del &#8220;fracaso compartido&#8221; por el macrismo y el kirchnerismo en la gesti\u00f3n del pa\u00eds de los \u00faltimos a\u00f1os, aunque tambi\u00e9n apuntar\u00e1 contra Milei, a quien considera como &#8220;un salto al vac\u00edo&#8221;.<\/p>\n","protected":false},"excerpt":{"rendered":"<p>Sergio Massa (Uni\u00f3n por la Patria-UxP), Javier Milei (La libertad Avanza-LLA), Patricia Bullrich (Juntos por el Cambio-JxC), Myriam Bregman (Frente de Izquierda Unidad FIT-U) y Juan Schiaretti (Hacemos por Nuestro Pa\u00eds) disputar\u00e1n la atenci\u00f3n de la audiencia &nbsp; &nbsp; Los cinco candidatos presidenciales que competir\u00e1n en las elecciones del 22 de octubre preparan esta semana el enfoque y el tono que le dar\u00e1n a sus mensajes en el primer debate obligatorio que se realizar\u00e1 el domingo pr\u00f3ximo en la Universidad Nacional de Santiago del Estero, donde disertar\u00e1n sobre tres ejes&#8230;<\/p>\n","protected":false},"author":3,"featured_media":106345,"comment_status":"closed","ping_status":"closed","sticky":false,"template":"","format":"standard","meta":[],"categories":[18],"tags":[],"_links":{"self":[{"href":"https:\/\/www.actualidadadiario.com\/index.php\/wp-json\/wp\/v2\/posts\/108740"}],"collection":[{"href":"https:\/\/www.actualidadadiario.com\/index.php\/wp-json\/wp\/v2\/posts"}],"about":[{"href":"https:\/\/www.actualidadadiario.com\/index.php\/wp-json\/wp\/v2\/types\/post"}],"author":[{"embeddable":true,"href":"https:\/\/www.actualidadadiario.com\/index.php\/wp-json\/wp\/v2\/users\/3"}],"replies":[{"embeddable":true,"href":"https:\/\/www.actualidadadiario.com\/index.php\/wp-json\/wp\/v2\/comments?post=108740"}],"version-history":[{"count":1,"href":"https:\/\/www.actualidadadiario.com\/index.php\/wp-json\/wp\/v2\/posts\/108740\/revisions"}],"predecessor-version":[{"id":108741,"href":"https:\/\/www.actualidadadiario.com\/index.php\/wp-json\/wp\/v2\/posts\/108740\/revisions\/108741"}],"wp:featuredmedia":[{"embeddable":true,"href":"https:\/\/www.actualidadadiario.com\/index.php\/wp-json\/wp\/v2\/media\/106345"}],"wp:attachment":[{"href":"https:\/\/www.actualidadadiario.com\/index.php\/wp-json\/wp\/v2\/media?parent=108740"}],"wp:term":[{"taxonomy":"category","embeddable":true,"href":"https:\/\/www.actualidadadiario.com\/index.php\/wp-json\/wp\/v2\/categories?post=108740"},{"taxonomy":"post_tag","embeddable":true,"href":"https:\/\/www.actualidadadiario.com\/index.php\/wp-json\/wp\/v2\/tags?post=108740"}],"curies":[{"name":"wp","href":"https:\/\/api.w.org\/{rel}","templated":true}]}}