{"id":108735,"date":"2023-09-28T13:17:08","date_gmt":"2023-09-28T16:17:08","guid":{"rendered":"https:\/\/www.actualidadadiario.com\/?p=108735"},"modified":"2023-09-28T13:17:08","modified_gmt":"2023-09-28T16:17:08","slug":"massa-se-pone-el-traje-de-candidato-y-sigue-la-campana-sin-anuncios-de-gestion","status":"publish","type":"post","link":"https:\/\/www.actualidadadiario.com\/index.php\/2023\/09\/28\/massa-se-pone-el-traje-de-candidato-y-sigue-la-campana-sin-anuncios-de-gestion\/","title":{"rendered":"Massa se pone el traje de candidato y sigue la campa\u00f1a sin anuncios de gesti\u00f3n"},"content":{"rendered":"<p style=\"text-align: center;\"><em><strong>El ministro de Econom\u00eda no podr\u00e1 hacer m\u00e1s anuncios para captar el voto. Se enfocar\u00e1 en su rol de candidato de Uni\u00f3n por la Patria de cara al debate presidencial este domingo<\/strong><\/em><\/p>\n<p>&nbsp;<\/p>\n<p>&nbsp;<\/p>\n<p>Sergio Massa se qued\u00f3 sin tiempos para anuncios de gesti\u00f3n como ministro de Econom\u00eda, y a partir de hoy deber\u00e1 usar solamente el traje de candidato presidencial.<\/p>\n<p>Hasta ayer fue el l\u00edmite establecido por la ley electoral que permite realizar anuncios de inauguraciones de funcionarios que son candidatos. La veda de actos de Gobierno, tanto del Poder Ejecutivo Nacional, provinciales y municipales, quedan prohibidos a partir de hoy.<\/p>\n<p>El art\u00edculo 64 quarter del C\u00f3digo Electoral Nacional -Ley 19.945- establece la prohibici\u00f3n 25 d\u00edas antes de las elecciones generales del 22 de octubre. Dispone que durante la campa\u00f1a electoral, la publicidad de &#8220;los actos de gobierno no podr\u00e1 contener elementos que promuevan o desincentiven expresamente la captaci\u00f3n del sufragio a favor de ninguno de los candidatos a cargos p\u00fablicos electivos, ni de las agrupaciones pol\u00edticas por las que compiten\u201d.<\/p>\n<p>La misma norma aclara que los candidatos no podr\u00e1n realizar inauguraciones de obras p\u00fablicas, el lanzamiento o promoci\u00f3n de planes, proyectos o programas de alcance colectivo.<\/p>\n<p>Desde las PASO, el ministro de Econom\u00eda viene lanzando un bater\u00eda de medidas econ\u00f3micas de recomposici\u00f3n de los salarios de los trabajadores y de los bolsillos de los argentinos que fueron anunciadas incluso hasta ayer.<\/p>\n<p>Sin embargo, habr\u00e1 un plus electoral que podr\u00eda aprovechar el candidato de Uni\u00f3n por la Patria, que podr\u00eda estar rozando la veda. Hoy comienzo a tratarse en el Senado el proyecto que present\u00f3 el oficialismo para la eliminaci\u00f3n del Impuesto a las Ganancias. Si se convierte en ley, la CGT, la CTA y otras organizaciones celebrar\u00e1n en un acto multitudinario previsto para ma\u00f1ana frente al Congreso, donde Massa ser\u00e1 uno de los oradores.<\/p>\n<p>El ministro, que en las PASO qued\u00f3 en tercer lugar como fuerza pol\u00edtica, sali\u00f3 a buscar el voto con visitas a las provincias, recorridas y actos en la provincia de Buenos Aires, a lo que sum\u00f3 anuncios de mejoras salariales. Empez\u00f3 con el bono de 60 mil pesos para los trabajadores formales y jubilados; la elevaci\u00f3n del piso de Ganancias; medidas para aut\u00f3nomos y monotributistas; el compre sin IVA; el IFE de 94.000 pesos; y la suba del Salario M\u00ednimo.<\/p>\n<p>Sin los anuncios fuertes de gesti\u00f3n y en la recta final hacia las generales, Massa continuar\u00e1 la campa\u00f1a s\u00f3lo con el rol de candidato presidencial de Uni\u00f3n por la Patria. Uno de los pr\u00f3ximos puntos fuertes ser\u00e1 el debate presidencial del pr\u00f3ximo domingo donde se estima que revele qui\u00e9n ser\u00e1 su ministro de Econom\u00eda si llega a ser presidente.<\/p>\n<p>Los pr\u00f3ximos d\u00edas dedicar\u00e1 gran parte de su tiempo a prepararse para enfrentar a sus rivales en Santiago del Estero, donde se realizar\u00e1 el primer cara a cara con los candidatos presidenciales de Juntos por el Cambio, Patricia Bullrich, de La Libertad Avanza, Javier Milei; Myriam Bregman del Frente de Izquierda; y Juan Schiaretti de Hacemos por Nuestro Pa\u00eds.<\/p>\n","protected":false},"excerpt":{"rendered":"<p>El ministro de Econom\u00eda no podr\u00e1 hacer m\u00e1s anuncios para captar el voto. Se enfocar\u00e1 en su rol de candidato de Uni\u00f3n por la Patria de cara al debate presidencial este domingo &nbsp; &nbsp; Sergio Massa se qued\u00f3 sin tiempos para anuncios de gesti\u00f3n como ministro de Econom\u00eda, y a partir de hoy deber\u00e1 usar solamente el traje de candidato presidencial. Hasta ayer fue el l\u00edmite establecido por la ley electoral que permite realizar anuncios de inauguraciones de funcionarios que son candidatos. La veda de actos de Gobierno, tanto del&#8230;<\/p>\n","protected":false},"author":3,"featured_media":108736,"comment_status":"closed","ping_status":"closed","sticky":false,"template":"","format":"standard","meta":[],"categories":[18],"tags":[],"_links":{"self":[{"href":"https:\/\/www.actualidadadiario.com\/index.php\/wp-json\/wp\/v2\/posts\/108735"}],"collection":[{"href":"https:\/\/www.actualidadadiario.com\/index.php\/wp-json\/wp\/v2\/posts"}],"about":[{"href":"https:\/\/www.actualidadadiario.com\/index.php\/wp-json\/wp\/v2\/types\/post"}],"author":[{"embeddable":true,"href":"https:\/\/www.actualidadadiario.com\/index.php\/wp-json\/wp\/v2\/users\/3"}],"replies":[{"embeddable":true,"href":"https:\/\/www.actualidadadiario.com\/index.php\/wp-json\/wp\/v2\/comments?post=108735"}],"version-history":[{"count":1,"href":"https:\/\/www.actualidadadiario.com\/index.php\/wp-json\/wp\/v2\/posts\/108735\/revisions"}],"predecessor-version":[{"id":108737,"href":"https:\/\/www.actualidadadiario.com\/index.php\/wp-json\/wp\/v2\/posts\/108735\/revisions\/108737"}],"wp:featuredmedia":[{"embeddable":true,"href":"https:\/\/www.actualidadadiario.com\/index.php\/wp-json\/wp\/v2\/media\/108736"}],"wp:attachment":[{"href":"https:\/\/www.actualidadadiario.com\/index.php\/wp-json\/wp\/v2\/media?parent=108735"}],"wp:term":[{"taxonomy":"category","embeddable":true,"href":"https:\/\/www.actualidadadiario.com\/index.php\/wp-json\/wp\/v2\/categories?post=108735"},{"taxonomy":"post_tag","embeddable":true,"href":"https:\/\/www.actualidadadiario.com\/index.php\/wp-json\/wp\/v2\/tags?post=108735"}],"curies":[{"name":"wp","href":"https:\/\/api.w.org\/{rel}","templated":true}]}}