{"id":108732,"date":"2023-09-28T13:16:14","date_gmt":"2023-09-28T16:16:14","guid":{"rendered":"https:\/\/www.actualidadadiario.com\/?p=108732"},"modified":"2023-09-28T13:16:14","modified_gmt":"2023-09-28T16:16:14","slug":"devolucion-del-iva-diputados-comienzan-a-tratar-el-proyecto-en-comision","status":"publish","type":"post","link":"https:\/\/www.actualidadadiario.com\/index.php\/2023\/09\/28\/devolucion-del-iva-diputados-comienzan-a-tratar-el-proyecto-en-comision\/","title":{"rendered":"Devoluci\u00f3n del IVA: Diputados comienzan a tratar el proyecto en comisi\u00f3n"},"content":{"rendered":"<p style=\"text-align: center;\"><em><strong>El Gobierno envi\u00f3 este lunes al Congreso el proyecto para establecer por ley la devoluci\u00f3n del IVA y comenzar\u00e1 a ser tratado este jueves en comisi\u00f3n en la C\u00e1mara de Diputados<\/strong><\/em><\/p>\n<p>&nbsp;<\/p>\n<p>&nbsp;<\/p>\n<p>La Comisi\u00f3n de Presupuesto y Hacienda de la C\u00e1mara de Diputados iniciar\u00e1 este jueves el tratamiento del proyecto enviado por el Poder Ejecutivo para establecer por ley las compras sin el impuesto al valor agregado (IVA) en productos de la canasta b\u00e1sica para sectores con menores ingresos.<\/p>\n<p>La medida impulsada por el titular de la cartera econ\u00f3mica Sergio Massa posee una vigencia de hasta 90 d\u00edas y beneficia a trabajadores y jubilados con ingresos de hasta seis salarios m\u00ednimo, vital y m\u00f3vil (SMVM), ya que permite recibir en 48 horas el retorno del 21% del impuesto en la cuenta bancaria, siempre y cuando la compra haya sido realizada con tarjeta de d\u00e9bito y sobre productos de la canasta b\u00e1sica.<\/p>\n<p>El gobierno nacional busca efectivizar en este marco el reintegro a partir de su aprobaci\u00f3n en el Congreso Nacional. Seg\u00fan los detalles de la iniciativa, la medida comenzar\u00eda a regir desde el 1 de enero de 2024, y se facultar\u00eda a la autoridad de aplicaci\u00f3n a ampliar los beneficiarios alcanzados por la legislaci\u00f3n.<\/p>\n<p>&nbsp;<\/p>\n<p><strong>Detalles del proyecto<\/strong><\/p>\n<p>El proyecto enviado por el Ejecutivo a la C\u00e1mara de Diputados detalla en su art\u00edculo 1 a los beneficiarios de la devoluci\u00f3n:<\/p>\n<ul>\n<li>Jubilados<\/li>\n<li>Quienes cobren asignaciones por fallecimiento y pensiones no contributivas, en un monto mensual que no exceder\u00e1 seis haberes m\u00ednimos garantizados<\/li>\n<li>Beneficiarios de asignaciones universales por hijo para protecci\u00f3n social<\/li>\n<li>Benficiarias por embarazo para protecci\u00f3n social<\/li>\n<li>Trabajadores que presten servicios remunerados en relaci\u00f3n de dependencia, siempre y cuando el ingreso mensual no supere la suma equivalente a seis veces el Salario M\u00ednimo, Vital y M\u00f3vil (SMVM)<\/li>\n<\/ul>\n<p>El art\u00edculo 4, por su parte, establece el l\u00edmite del reintegro: &#8220;El reintegro mensual previsto en el presente Programa no podr\u00e1 superar el 21% del valor de la Canasta B\u00e1sica Alimentaria para un hogar tipo 2, vigente en cada mes&#8221;.<\/p>\n<p>El texto enviado al Congreso tambi\u00e9n incluye las compras de bienes en el marco de la Tarjeta Alimentar o de las tarjetas emitidas a beneficiarias y beneficiarios del Programa Nacional de Inclusi\u00f3n Socio-Productiva y Desarrollo Local-Potenciar Trabajo.<\/p>\n<p>La normativa propone tambi\u00e9n ampliar las formas de pago a las tarjetas de cr\u00e9dito o tarjetas que operen bajo la modalidad de Pago Electr\u00f3nico Inmediato (PEI) o d\u00e9bito en cuenta a trav\u00e9s de QR.<\/p>\n","protected":false},"excerpt":{"rendered":"<p>El Gobierno envi\u00f3 este lunes al Congreso el proyecto para establecer por ley la devoluci\u00f3n del IVA y comenzar\u00e1 a ser tratado este jueves en comisi\u00f3n en la C\u00e1mara de Diputados &nbsp; &nbsp; La Comisi\u00f3n de Presupuesto y Hacienda de la C\u00e1mara de Diputados iniciar\u00e1 este jueves el tratamiento del proyecto enviado por el Poder Ejecutivo para establecer por ley las compras sin el impuesto al valor agregado (IVA) en productos de la canasta b\u00e1sica para sectores con menores ingresos. La medida impulsada por el titular de la cartera econ\u00f3mica&#8230;<\/p>\n","protected":false},"author":3,"featured_media":108733,"comment_status":"closed","ping_status":"closed","sticky":false,"template":"","format":"standard","meta":[],"categories":[18],"tags":[],"_links":{"self":[{"href":"https:\/\/www.actualidadadiario.com\/index.php\/wp-json\/wp\/v2\/posts\/108732"}],"collection":[{"href":"https:\/\/www.actualidadadiario.com\/index.php\/wp-json\/wp\/v2\/posts"}],"about":[{"href":"https:\/\/www.actualidadadiario.com\/index.php\/wp-json\/wp\/v2\/types\/post"}],"author":[{"embeddable":true,"href":"https:\/\/www.actualidadadiario.com\/index.php\/wp-json\/wp\/v2\/users\/3"}],"replies":[{"embeddable":true,"href":"https:\/\/www.actualidadadiario.com\/index.php\/wp-json\/wp\/v2\/comments?post=108732"}],"version-history":[{"count":1,"href":"https:\/\/www.actualidadadiario.com\/index.php\/wp-json\/wp\/v2\/posts\/108732\/revisions"}],"predecessor-version":[{"id":108734,"href":"https:\/\/www.actualidadadiario.com\/index.php\/wp-json\/wp\/v2\/posts\/108732\/revisions\/108734"}],"wp:featuredmedia":[{"embeddable":true,"href":"https:\/\/www.actualidadadiario.com\/index.php\/wp-json\/wp\/v2\/media\/108733"}],"wp:attachment":[{"href":"https:\/\/www.actualidadadiario.com\/index.php\/wp-json\/wp\/v2\/media?parent=108732"}],"wp:term":[{"taxonomy":"category","embeddable":true,"href":"https:\/\/www.actualidadadiario.com\/index.php\/wp-json\/wp\/v2\/categories?post=108732"},{"taxonomy":"post_tag","embeddable":true,"href":"https:\/\/www.actualidadadiario.com\/index.php\/wp-json\/wp\/v2\/tags?post=108732"}],"curies":[{"name":"wp","href":"https:\/\/api.w.org\/{rel}","templated":true}]}}