{"id":108729,"date":"2023-09-28T13:15:16","date_gmt":"2023-09-28T16:15:16","guid":{"rendered":"https:\/\/www.actualidadadiario.com\/?p=108729"},"modified":"2023-09-28T13:15:16","modified_gmt":"2023-09-28T16:15:16","slug":"la-pampa-la-juventud-radical-alineada-a-lousteau-blanqueo-que-no-votara-a-bullrich","status":"publish","type":"post","link":"https:\/\/www.actualidadadiario.com\/index.php\/2023\/09\/28\/la-pampa-la-juventud-radical-alineada-a-lousteau-blanqueo-que-no-votara-a-bullrich\/","title":{"rendered":"La Pampa: la juventud radical alineada a Lousteau blanque\u00f3 que no votar\u00e1 a Bullrich"},"content":{"rendered":"<p style=\"text-align: center;\"><em><strong>El secretario general de la Franja Morada pampeana, Marcelo Bessone, adelant\u00f3 que la agrupaci\u00f3n no acompa\u00f1ar\u00e1 a la candidata del PRO. &#8220;A los radicales de cepa no nos representa Bullrich&#8221;, remarc\u00f3<\/strong><\/em><\/p>\n<p>&nbsp;<\/p>\n<p>&nbsp;<\/p>\n<p>La Franja Morada de La Pampa, que a nivel nacional juega con el sector de Mart\u00edn Lousteau y Emiliano Yacobitti, blanque\u00f3 la incomodidad del radicalismo con Patricia Bullrich y adelant\u00f3 que no votar\u00e1 por la candidata del PRO en las elecciones de octubre.<\/p>\n<p>&#8220;Se est\u00e1 diciendo que la UCR se representa en Bullrich y la realidad no es as\u00ed. Gran parte de la juventud no la apoya, no nos sentimos representados porque no representa un solo valor de Franja Morada&#8221;, afirm\u00f3 a Diario Textual el secretario general de la Franja Morada pampeana, Marcelo Bessone.<\/p>\n<p>El radical se\u00f1al\u00f3 que &#8220;los cierres a nivel nacional se dieron entre muy pocas personas, entre algunos radicales y algunos del PRO. A los radicales de cepa no nos representa Bullrich&#8221;.<\/p>\n<p>&#8220;Hay algunos que son org\u00e1nicos y no les queda otra que apoyar, pero seamos sinceros, Patricia no representa un solo ideal del radicalismo&#8221;, insisti\u00f3 el dirigente, que avis\u00f3 que en su caso se inclina por anular el voto y evit\u00f3 responder que har\u00eda en caso de un ballotage entre Massa y Milei.<\/p>\n<p>En el mismo sentido, el secretario de prensa de la agrupaci\u00f3n, Rom\u00e1n Escobedo, explic\u00f3 que fijaron la postura de no apoyar a la candidata del PRO. &#8220;Ella claramente atent\u00f3 hace un tiempo, fue en contra de la Universidad P\u00fablica de La Pampa, de eso no tenemos que olvidarnos y me parece que el radicalismo pampeano tampoco tiene que ser reh\u00e9n de estas cuestiones&#8221;, afirm\u00f3 a Radiokerm\u00e9s.<\/p>\n<p>Las declaraciones de los dirigentes pampeanos van en l\u00ednea con la tendencia de un sector del radicalismo de tomar distancia de Bullrich y acercarse a su contrincante de Uni\u00f3n por la Patria Sergio Massa.<\/p>\n","protected":false},"excerpt":{"rendered":"<p>El secretario general de la Franja Morada pampeana, Marcelo Bessone, adelant\u00f3 que la agrupaci\u00f3n no acompa\u00f1ar\u00e1 a la candidata del PRO. &#8220;A los radicales de cepa no nos representa Bullrich&#8221;, remarc\u00f3 &nbsp; &nbsp; La Franja Morada de La Pampa, que a nivel nacional juega con el sector de Mart\u00edn Lousteau y Emiliano Yacobitti, blanque\u00f3 la incomodidad del radicalismo con Patricia Bullrich y adelant\u00f3 que no votar\u00e1 por la candidata del PRO en las elecciones de octubre. &#8220;Se est\u00e1 diciendo que la UCR se representa en Bullrich y la realidad no&#8230;<\/p>\n","protected":false},"author":3,"featured_media":108730,"comment_status":"closed","ping_status":"closed","sticky":false,"template":"","format":"standard","meta":[],"categories":[18],"tags":[],"_links":{"self":[{"href":"https:\/\/www.actualidadadiario.com\/index.php\/wp-json\/wp\/v2\/posts\/108729"}],"collection":[{"href":"https:\/\/www.actualidadadiario.com\/index.php\/wp-json\/wp\/v2\/posts"}],"about":[{"href":"https:\/\/www.actualidadadiario.com\/index.php\/wp-json\/wp\/v2\/types\/post"}],"author":[{"embeddable":true,"href":"https:\/\/www.actualidadadiario.com\/index.php\/wp-json\/wp\/v2\/users\/3"}],"replies":[{"embeddable":true,"href":"https:\/\/www.actualidadadiario.com\/index.php\/wp-json\/wp\/v2\/comments?post=108729"}],"version-history":[{"count":1,"href":"https:\/\/www.actualidadadiario.com\/index.php\/wp-json\/wp\/v2\/posts\/108729\/revisions"}],"predecessor-version":[{"id":108731,"href":"https:\/\/www.actualidadadiario.com\/index.php\/wp-json\/wp\/v2\/posts\/108729\/revisions\/108731"}],"wp:featuredmedia":[{"embeddable":true,"href":"https:\/\/www.actualidadadiario.com\/index.php\/wp-json\/wp\/v2\/media\/108730"}],"wp:attachment":[{"href":"https:\/\/www.actualidadadiario.com\/index.php\/wp-json\/wp\/v2\/media?parent=108729"}],"wp:term":[{"taxonomy":"category","embeddable":true,"href":"https:\/\/www.actualidadadiario.com\/index.php\/wp-json\/wp\/v2\/categories?post=108729"},{"taxonomy":"post_tag","embeddable":true,"href":"https:\/\/www.actualidadadiario.com\/index.php\/wp-json\/wp\/v2\/tags?post=108729"}],"curies":[{"name":"wp","href":"https:\/\/api.w.org\/{rel}","templated":true}]}}