{"id":108713,"date":"2023-09-28T13:09:47","date_gmt":"2023-09-28T16:09:47","guid":{"rendered":"https:\/\/www.actualidadadiario.com\/?p=108713"},"modified":"2023-09-28T13:09:47","modified_gmt":"2023-09-28T16:09:47","slug":"28s-realizan-marchas-en-todo-el-pais-por-el-dia-de-accion-global-por-el-acceso-al-aborto-legal","status":"publish","type":"post","link":"https:\/\/www.actualidadadiario.com\/index.php\/2023\/09\/28\/28s-realizan-marchas-en-todo-el-pais-por-el-dia-de-accion-global-por-el-acceso-al-aborto-legal\/","title":{"rendered":"28S: realizan marchas en todo el pa\u00eds por el D\u00eda de Acci\u00f3n Global por el Acceso al Aborto Legal"},"content":{"rendered":"<p style=\"text-align: center;\"><em><strong>Concentrar\u00e1n en varias provincias del pa\u00eds. Se pide por el aborto legal y luchar &#8220;contra las derechas, el ajuste y el Fondo Monetario Internacional (FMI)&#8221;<\/strong><\/em><\/p>\n<p>&nbsp;<\/p>\n<p>&nbsp;<\/p>\n<p>Por el D\u00eda de Acci\u00f3n Global por el Acceso al Aborto Legal, Seguro y Gratuito, miles de mujeres y diversidades saldr\u00e1n a las calles en diferentes ciudades del pa\u00eds. Siguen militando el acceso a la interrupci\u00f3n del embarazo y se manifiestan en contra de &#8220;las derechas, el ajuste y el Fondo Monetario Internacional (FMI)&#8221;.<\/p>\n<p>En Buenos Aires, la concentraci\u00f3n ser\u00e1 a las 16 en Plaza de Mayo. Se marchar\u00e1 hacia el Congreso de la Naci\u00f3n, donde ser\u00e1 el acto central.<\/p>\n<p>Adem\u00e1s de las consignas que convocan al colectivo de mujeres en esta oportunidad, en torno al aborto seguro y gratuito y la Educaci\u00f3n Sexual Integral (ESI), tambi\u00e9n llaman a luchar &#8220;contra las derechas, el ajuste y el Fondo Monetario Internacional (FMI)&#8221;.<\/p>\n<p>Esta serie de marchas feministas est\u00e1n relacionadas con la postura sobre la legalizaci\u00f3n del aborto que tiene el candidato a presidente de La Libertad Avanza, Javier Milei. Entre otras pol\u00e9micas propuestas, asegur\u00f3 que si llega a la Casa Rosada derogar\u00e1 la Ley 27.610, vigente desde 2020.<\/p>\n<p>Como consecuencia de esta posible medida de gobierno, se estableci\u00f3 el 28 de septiembre como el D\u00eda de Acci\u00f3n Global por el Acceso al Aborto Legal, Seguro y Gratuito.<\/p>\n<p>&nbsp;<\/p>\n<p><strong>28S: D\u00eda de Acci\u00f3n Global por el Acceso al Aborto Legal, Seguro y Gratuito en varias ciudades del pa\u00eds<\/strong><\/p>\n<p>Adem\u00e1s de la principal concentraci\u00f3n en Buenos Aires, la misma marcha se replicar\u00e1 en otras ciudades de las provincias de Santa Fe, C\u00f3rdoba, Tucum\u00e1n, Entre R\u00edos, Jujuy, Misiones, R\u00edo Negro, Neuqu\u00e9n y m\u00e1s localidades.<\/p>\n<p>En Rosario, la convocatoria feminista ser\u00e1 a las 17 en el Monumento Nacional a la Bandera, mientras que en C\u00f3rdoba el encuentro se realizar\u00e1 en el Museo de Arqueolog\u00eda, en el marco de un festival de m\u00fasica.<\/p>\n<p>En Tucum\u00e1n se marchar\u00e1 desde la Plaza Urquiza hasta la Plaza Independencia. Por su parte, en la ciudad de Paran\u00e1, Entre R\u00edos, se realizar\u00e1 una marcha a las desde la Plaza 1\u00b0 de Mayo hasta la Plaza Alvear.<\/p>\n<p>En San Salvador de Jujuy se realizar\u00e1 un pa\u00f1uelazo en la Plaza Belgrano, mientras que en la provincia de Misiones la convocatoria es en el m\u00e1stil de la avenida Uruguay y Bartolom\u00e9 Mitre para marchar sentido a Plaza San Mart\u00edn.<\/p>\n<p>El sur del pa\u00eds tambi\u00e9n ver\u00e1 a las mujeres reunirse en las calles: se esperan concentraciones en San Carlos de Bariloche, R\u00edo Negro, en la Plaza de Los Pa\u00f1uelos, y en General Roca, en la esquina de Avenida Roca y Tucum\u00e1n.<\/p>\n<p>En las ciudades m\u00e1s importantes de Tierra del Fuego se esperan encuentros en los puntos emblem\u00e1ticos, mientras que en Mendoza, la movilizaci\u00f3n partir\u00e1 desde el &#8220;kil\u00f3metro 0&#8221; de la capital provincial.<\/p>\n","protected":false},"excerpt":{"rendered":"<p>Concentrar\u00e1n en varias provincias del pa\u00eds. Se pide por el aborto legal y luchar &#8220;contra las derechas, el ajuste y el Fondo Monetario Internacional (FMI)&#8221; &nbsp; &nbsp; Por el D\u00eda de Acci\u00f3n Global por el Acceso al Aborto Legal, Seguro y Gratuito, miles de mujeres y diversidades saldr\u00e1n a las calles en diferentes ciudades del pa\u00eds. Siguen militando el acceso a la interrupci\u00f3n del embarazo y se manifiestan en contra de &#8220;las derechas, el ajuste y el Fondo Monetario Internacional (FMI)&#8221;. En Buenos Aires, la concentraci\u00f3n ser\u00e1 a las 16&#8230;<\/p>\n","protected":false},"author":3,"featured_media":108714,"comment_status":"closed","ping_status":"closed","sticky":false,"template":"","format":"standard","meta":[],"categories":[2],"tags":[],"_links":{"self":[{"href":"https:\/\/www.actualidadadiario.com\/index.php\/wp-json\/wp\/v2\/posts\/108713"}],"collection":[{"href":"https:\/\/www.actualidadadiario.com\/index.php\/wp-json\/wp\/v2\/posts"}],"about":[{"href":"https:\/\/www.actualidadadiario.com\/index.php\/wp-json\/wp\/v2\/types\/post"}],"author":[{"embeddable":true,"href":"https:\/\/www.actualidadadiario.com\/index.php\/wp-json\/wp\/v2\/users\/3"}],"replies":[{"embeddable":true,"href":"https:\/\/www.actualidadadiario.com\/index.php\/wp-json\/wp\/v2\/comments?post=108713"}],"version-history":[{"count":1,"href":"https:\/\/www.actualidadadiario.com\/index.php\/wp-json\/wp\/v2\/posts\/108713\/revisions"}],"predecessor-version":[{"id":108715,"href":"https:\/\/www.actualidadadiario.com\/index.php\/wp-json\/wp\/v2\/posts\/108713\/revisions\/108715"}],"wp:featuredmedia":[{"embeddable":true,"href":"https:\/\/www.actualidadadiario.com\/index.php\/wp-json\/wp\/v2\/media\/108714"}],"wp:attachment":[{"href":"https:\/\/www.actualidadadiario.com\/index.php\/wp-json\/wp\/v2\/media?parent=108713"}],"wp:term":[{"taxonomy":"category","embeddable":true,"href":"https:\/\/www.actualidadadiario.com\/index.php\/wp-json\/wp\/v2\/categories?post=108713"},{"taxonomy":"post_tag","embeddable":true,"href":"https:\/\/www.actualidadadiario.com\/index.php\/wp-json\/wp\/v2\/tags?post=108713"}],"curies":[{"name":"wp","href":"https:\/\/api.w.org\/{rel}","templated":true}]}}