{"id":108711,"date":"2023-09-28T13:08:33","date_gmt":"2023-09-28T16:08:33","guid":{"rendered":"https:\/\/www.actualidadadiario.com\/?p=108711"},"modified":"2023-09-28T13:08:33","modified_gmt":"2023-09-28T16:08:33","slug":"mas-de-250-000-personas-ya-gestionaron-el-bono-para-trabajadores-informales","status":"publish","type":"post","link":"https:\/\/www.actualidadadiario.com\/index.php\/2023\/09\/28\/mas-de-250-000-personas-ya-gestionaron-el-bono-para-trabajadores-informales\/","title":{"rendered":"M\u00e1s de 250.000 personas ya gestionaron el bono para trabajadores informales"},"content":{"rendered":"<p style=\"text-align: center;\"><em><strong>La cifra se alcanz\u00f3 durante el primer d\u00eda de inscripci\u00f3n, inform\u00f3 la ANSeS. Se estima que el beneficio podr\u00edan cobrarlo 2.500.000 personas, con un costo fiscal de $237.500 millones<\/strong><\/em><\/p>\n<p>&nbsp;<\/p>\n<p>&nbsp;<\/p>\n<p>M\u00e1s de 250.000 personas gestionaron el pago del bono para trabajadores informales durante el primer d\u00eda de inscripci\u00f3n, inform\u00f3 hoy la ANSeS.<\/p>\n<p>El beneficio fue anunciado el martes \u00faltimo por el ministro de Econom\u00eda, Sergio Massa, y la directora ejecutiva de ANSeS, Fernanda Raverta; al d\u00eda siguiente se abri\u00f3 la inscripci\u00f3n.<\/p>\n<p>Se trata de un plus de $94.000 a pagar en dos cuotas de $47.000, los pr\u00f3ximos 15 de octubre y noviembre, que ser\u00e1 compensado por el Estado Nacional mediante el cobro de un anticipo extraordinario de Ganancias a grandes contribuyentes.<\/p>\n<p>ANSeS detall\u00f3 este jueves que la inscripci\u00f3n se encuentra disponible en la p\u00e1gina web de ese organismo o la aplicaci\u00f3n, todos los d\u00edas de 14:00 a 22:00 y permanecer\u00e1 abierta tambi\u00e9n durante todo octubre. Adem\u00e1s, record\u00f3 que las condiciones para acceder a este refuerzo de ingresos son: ser trabajadores informales de entre 18 y 64 a\u00f1os y no contar con ingresos registrados ni ser titular de ning\u00fan tipo de asistencia econ\u00f3mica del Estado, como la Asignaci\u00f3n Universal por Hijo (AUH), las becas Progresar o el Potenciar Trabajo.<\/p>\n<p>Tambi\u00e9n, explic\u00f3 que las personas que quieran gestionar el bono no deber\u00e1n tener: trabajo registrado (relaci\u00f3n de dependencia, aut\u00f3nomos, monotributo, monotributo social y casas particulares), jubila o pensi\u00f3n ni prestaci\u00f3n por desempleo.<\/p>\n<p>En un comunicado, el organismo tambi\u00e9n indic\u00f3 que realizar\u00e1 una evaluaci\u00f3n socioecon\u00f3mica y patrimonial (consumo, bienes, cobertura de salud) de los solicitantes.<\/p>\n<p>En ese sentido, aclar\u00f3 que este &#8220;refuerzo&#8221; es exclusivamente para aquellas personas que no fueron alcanzadas por ninguna de las medidas de acompa\u00f1amiento otorgadas en las \u00faltimas semanas para diversos sectores, como trabajadores en relaci\u00f3n de dependencia del sector p\u00fablico y privado o aut\u00f3nomos, monotributistas, jubilados y pensionados, entre otros.<\/p>\n<p>Se estima que el bono podr\u00edan cobrarlo 2.500.000 personas, con un costo fiscal de $237.500 millones.<\/p>\n","protected":false},"excerpt":{"rendered":"<p>La cifra se alcanz\u00f3 durante el primer d\u00eda de inscripci\u00f3n, inform\u00f3 la ANSeS. Se estima que el beneficio podr\u00edan cobrarlo 2.500.000 personas, con un costo fiscal de $237.500 millones &nbsp; &nbsp; M\u00e1s de 250.000 personas gestionaron el pago del bono para trabajadores informales durante el primer d\u00eda de inscripci\u00f3n, inform\u00f3 hoy la ANSeS. El beneficio fue anunciado el martes \u00faltimo por el ministro de Econom\u00eda, Sergio Massa, y la directora ejecutiva de ANSeS, Fernanda Raverta; al d\u00eda siguiente se abri\u00f3 la inscripci\u00f3n. Se trata de un plus de $94.000 a&#8230;<\/p>\n","protected":false},"author":3,"featured_media":42787,"comment_status":"closed","ping_status":"closed","sticky":false,"template":"","format":"standard","meta":[],"categories":[2],"tags":[],"_links":{"self":[{"href":"https:\/\/www.actualidadadiario.com\/index.php\/wp-json\/wp\/v2\/posts\/108711"}],"collection":[{"href":"https:\/\/www.actualidadadiario.com\/index.php\/wp-json\/wp\/v2\/posts"}],"about":[{"href":"https:\/\/www.actualidadadiario.com\/index.php\/wp-json\/wp\/v2\/types\/post"}],"author":[{"embeddable":true,"href":"https:\/\/www.actualidadadiario.com\/index.php\/wp-json\/wp\/v2\/users\/3"}],"replies":[{"embeddable":true,"href":"https:\/\/www.actualidadadiario.com\/index.php\/wp-json\/wp\/v2\/comments?post=108711"}],"version-history":[{"count":1,"href":"https:\/\/www.actualidadadiario.com\/index.php\/wp-json\/wp\/v2\/posts\/108711\/revisions"}],"predecessor-version":[{"id":108712,"href":"https:\/\/www.actualidadadiario.com\/index.php\/wp-json\/wp\/v2\/posts\/108711\/revisions\/108712"}],"wp:featuredmedia":[{"embeddable":true,"href":"https:\/\/www.actualidadadiario.com\/index.php\/wp-json\/wp\/v2\/media\/42787"}],"wp:attachment":[{"href":"https:\/\/www.actualidadadiario.com\/index.php\/wp-json\/wp\/v2\/media?parent=108711"}],"wp:term":[{"taxonomy":"category","embeddable":true,"href":"https:\/\/www.actualidadadiario.com\/index.php\/wp-json\/wp\/v2\/categories?post=108711"},{"taxonomy":"post_tag","embeddable":true,"href":"https:\/\/www.actualidadadiario.com\/index.php\/wp-json\/wp\/v2\/tags?post=108711"}],"curies":[{"name":"wp","href":"https:\/\/api.w.org\/{rel}","templated":true}]}}