{"id":10871,"date":"2017-05-02T09:52:01","date_gmt":"2017-05-02T12:52:01","guid":{"rendered":"http:\/\/actualidadadiario.com\/site\/?p=10871"},"modified":"2017-05-02T09:52:02","modified_gmt":"2017-05-02T12:52:02","slug":"lula-y-rousseff-afirmaron-que-las-reformas-de-temer-destruyen-a-brasil","status":"publish","type":"post","link":"https:\/\/www.actualidadadiario.com\/index.php\/2017\/05\/02\/lula-y-rousseff-afirmaron-que-las-reformas-de-temer-destruyen-a-brasil\/","title":{"rendered":"Lula y Rousseff afirmaron que las reformas de Temer &#8220;destruyen&#8221; a Brasil"},"content":{"rendered":"<p><em><strong>El expresidente Luiz In\u00e1cio Lula da Silva y su sucesora Dilma Rousseff, destituida en agosto pasado, afirmaron este s\u00e1bado que el actual mandatario Michel Temer &#8220;destruye al pa\u00eds&#8221; con reformas que &#8220;esclavizar\u00e1n a los trabajadores&#8221;<\/strong><\/em><\/p>\n<p>&nbsp;<\/p>\n<p>&nbsp;<\/p>\n<p>&nbsp;<\/p>\n<p>&nbsp;<\/p>\n<p>Lula y Rousseff, ambos del opositor Partido de los Trabajadores (PT), asistieron a un acto celebrado en el sur del pa\u00eds ante miles de militantes de esa formaci\u00f3n y condenaron las reformas propuestas por Temer, que llevaron a los sindicatos a realizar una huelga general este viernes.<\/p>\n<p>&nbsp;<\/p>\n<p>&#8220;Est\u00e1n destruyendo todo lo que se ha hecho en este pa\u00eds en materia de derechos laborales&#8221;, afirm\u00f3 Lula, quien inici\u00f3 su vida pol\u00edtica a fines de la d\u00e9cada de 1960 en los sindicatos metal\u00fargicos de Sao Paulo.<\/p>\n<p>&nbsp;<\/p>\n<p>Rousseff, por su parte, sostuvo que las reformas que adelanta el actual Gobierno son &#8220;la continuaci\u00f3n del golpe&#8221;, como califica al proceso parlamentario que condujo a su destituci\u00f3n por irregulares manejos de los presupuestos y llev\u00f3 al mismo tiempo al poder a Temer, su vicepresidente en la \u00e9poca.<\/p>\n<p>&nbsp;<\/p>\n<p>Una de las reformas m\u00e1s pol\u00e9micas ha sido aprobada esta semana en la C\u00e1mara baja, debe ser discutida a\u00fan por el Senado y propone una amplia modificaci\u00f3n de las leyes que rigen el mercado laboral.<\/p>\n<p>&nbsp;<\/p>\n<p>Uno de los puntos de mayor controversia plantea que &#8220;lo acordado valga por encima de lo legislado&#8221;, lo cual dar\u00eda valor legal a los convenios pactados entre trabajadores y empleadores, aun cuando no se ajusten totalmente a las normativas en vigor.<\/p>\n<p>&nbsp;<\/p>\n<p>El proyecto tambi\u00e9n plantea acabar con la llamada &#8220;contribuci\u00f3n sindical obligatoria&#8221;, conocida tambi\u00e9n como &#8220;impuesto sindical&#8221;, que impone que a los empleados se les descuente un d\u00eda de trabajo anual para destinarlo al gremio en que est\u00e1n afiliados.<\/p>\n<p>&nbsp;<\/p>\n<p>La propuesta forma parte de una serie de medidas promovidas por el Gobierno de Temer para intentar recuperar el vigor de la econom\u00eda nacional, que entre 2015 y 2016 entr\u00f3 en una grave recesi\u00f3n y cay\u00f3 casi ocho puntos porcentuales.<\/p>\n<p>&nbsp;<\/p>\n<p>La reforma laboral es acompa\u00f1ada por una ley, ya aprobada, que pasa a regular la llamada &#8220;tercerizaci\u00f3n&#8221; o subcontrataci\u00f3n, la cual permite que las empresas conviertan a sus empleados en prestadores de servicios para todos sus tipos de actividades.<\/p>\n<p>&nbsp;<\/p>\n<p>El tr\u00edpode de las grandes reformas de las leyes que afectan a los trabajadores lo completa una que apunta a establecer una edad m\u00ednima para la jubilaci\u00f3n, a la que los brasile\u00f1os acceden hasta ahora con 35 a\u00f1os de cotizaci\u00f3n como \u00fanico requisito.<\/p>\n<p>&nbsp;<\/p>\n<p>Seg\u00fan sostiene el Gobierno, esa reforma es clave para salvar al r\u00e9gimen de jubilaciones de la quiebra a la que llevar\u00e1 su abultado d\u00e9ficit y apalancar tanto la recuperaci\u00f3n de la econom\u00eda como la generaci\u00f3n de empleos, en momentos en que unos 14 millones de brasile\u00f1os se encuentran sin trabajo.<\/p>\n","protected":false},"excerpt":{"rendered":"<p>El expresidente Luiz In\u00e1cio Lula da Silva y su sucesora Dilma Rousseff, destituida en agosto pasado, afirmaron este s\u00e1bado que el actual mandatario Michel Temer &#8220;destruye al pa\u00eds&#8221; con reformas que &#8220;esclavizar\u00e1n a los trabajadores&#8221; &nbsp; &nbsp; &nbsp; &nbsp; Lula y Rousseff, ambos del opositor Partido de los Trabajadores (PT), asistieron a un acto celebrado en el sur del pa\u00eds ante miles de militantes de esa formaci\u00f3n y condenaron las reformas propuestas por Temer, que llevaron a los sindicatos a realizar una huelga general este viernes. &nbsp; &#8220;Est\u00e1n destruyendo todo&#8230;<\/p>\n","protected":false},"author":3,"featured_media":10872,"comment_status":"closed","ping_status":"closed","sticky":false,"template":"","format":"standard","meta":[],"categories":[4],"tags":[],"_links":{"self":[{"href":"https:\/\/www.actualidadadiario.com\/index.php\/wp-json\/wp\/v2\/posts\/10871"}],"collection":[{"href":"https:\/\/www.actualidadadiario.com\/index.php\/wp-json\/wp\/v2\/posts"}],"about":[{"href":"https:\/\/www.actualidadadiario.com\/index.php\/wp-json\/wp\/v2\/types\/post"}],"author":[{"embeddable":true,"href":"https:\/\/www.actualidadadiario.com\/index.php\/wp-json\/wp\/v2\/users\/3"}],"replies":[{"embeddable":true,"href":"https:\/\/www.actualidadadiario.com\/index.php\/wp-json\/wp\/v2\/comments?post=10871"}],"version-history":[{"count":1,"href":"https:\/\/www.actualidadadiario.com\/index.php\/wp-json\/wp\/v2\/posts\/10871\/revisions"}],"predecessor-version":[{"id":10873,"href":"https:\/\/www.actualidadadiario.com\/index.php\/wp-json\/wp\/v2\/posts\/10871\/revisions\/10873"}],"wp:featuredmedia":[{"embeddable":true,"href":"https:\/\/www.actualidadadiario.com\/index.php\/wp-json\/wp\/v2\/media\/10872"}],"wp:attachment":[{"href":"https:\/\/www.actualidadadiario.com\/index.php\/wp-json\/wp\/v2\/media?parent=10871"}],"wp:term":[{"taxonomy":"category","embeddable":true,"href":"https:\/\/www.actualidadadiario.com\/index.php\/wp-json\/wp\/v2\/categories?post=10871"},{"taxonomy":"post_tag","embeddable":true,"href":"https:\/\/www.actualidadadiario.com\/index.php\/wp-json\/wp\/v2\/tags?post=10871"}],"curies":[{"name":"wp","href":"https:\/\/api.w.org\/{rel}","templated":true}]}}