{"id":108709,"date":"2023-09-28T13:07:24","date_gmt":"2023-09-28T16:07:24","guid":{"rendered":"https:\/\/www.actualidadadiario.com\/?p=108709"},"modified":"2023-09-28T13:07:24","modified_gmt":"2023-09-28T16:07:24","slug":"en-un-ano-mas-de-18-millones-de-personas-cayeron-en-la-pobreza-que-ahora-afecta-al-401-de-la-poblacion","status":"publish","type":"post","link":"https:\/\/www.actualidadadiario.com\/index.php\/2023\/09\/28\/en-un-ano-mas-de-18-millones-de-personas-cayeron-en-la-pobreza-que-ahora-afecta-al-401-de-la-poblacion\/","title":{"rendered":"En un a\u00f1o m\u00e1s de 1,8 millones de personas cayeron en la pobreza que ahora afecta al 40,1% de la poblaci\u00f3n"},"content":{"rendered":"<p style=\"text-align: center;\"><em><strong>La indigencia peg\u00f3 un salto brusco y afecta al 9,3% de la poblaci\u00f3n. El fen\u00f3meno de los &#8220;trabajadores pobres&#8221;<\/strong><\/em><\/p>\n<p>&nbsp;<\/p>\n<p>&nbsp;<\/p>\n<p>El INDEC difundi\u00f3 su \u00cdndice de Pobreza del que surge que, el 40,1% de los argentinos y argentinas vivi\u00f3 durante el primer semestre del a\u00f1o en hogares que no pudieron reunir los ingresos necesarios para superar la Canasta B\u00e1sica Total.<\/p>\n<p>El dato implica un salto de casi un punto porcentual con relaci\u00f3n al 39,2% que\u00a0 se encontraba en esa situaci\u00f3n en el segundo semestre de 2022 y de 3,6 puntos porcentuales con relaci\u00f3n a lo que ocurr\u00eda, en promedio, un a\u00f1o atr\u00e1s.<\/p>\n<p>De este modo la cantidad de personas que vive en la pobreza llega hasta los 18.708.487. Tomando en cuenta el crecimiento vegetativo de la poblaci\u00f3n se trata de 1.832.774 personas que cayeron en la pobreza en el \u00faltimo a\u00f1o de los cuales, casi 600 mil lo hicieron en el \u00faltimo semestre.<\/p>\n<p>A la vez, las personas que viven en hogares que no llegan a cubrir los ingresos necesarios para afrontar el costo de la Canasta B\u00e1sica Alimentaria que establece el nivel de la indigencia representan el 9,3% del total. De este modo, existen 4.338.876 personas que no acceden a los alimentos b\u00e1sicos que garanticen eludir una situaci\u00f3n de desnutrici\u00f3n. Se trata de un crecimiento de m\u00e1s de un punto porcentual con relaci\u00f3n a lo que ocurr\u00eda hace apenas seis meses durante los cuales se sumaron casi 600 mil personas a esa situaci\u00f3n.<\/p>\n<p>Por otro lado, seg\u00fan el informe del INDEC, la brecha de pobreza que mide la distancia entre el ingreso medio de las personas en situaci\u00f3n de pobreza y la Canasta B\u00e1sica Total que resulta el umbral que corresponde superar para salir de esa situaci\u00f3n se situ\u00f3 en un 37,8%. La medici\u00f3n indica la dificultad que existe para que esas personas salgan de su situaci\u00f3n. Cu\u00e1nto m\u00e1s alta es la brecha m\u00e1s estructural resulta la pobreza y m\u00e1s arduo resulta salir de ella.<\/p>\n<p>Por el lado de la indigencia resulta que la brecha llega al 34,4%. En otras palabras, el promedio de las personas en situaci\u00f3n de indigencia deber\u00eda incrementar sus ingresos en ese porcentaje para superar el valor de la Canasta B\u00e1sica Alimentaria.<\/p>\n<p>Por \u00faltimo, el informe indica que la pobreza afecta especialmente a los ni\u00f1os en la medida en que entre la poblaci\u00f3n de 0 a 14 a\u00f1os la pobreza afecta a un 56,2% del total. Para la poblaci\u00f3n de entre 15 y 29 a\u00f1os la pobreza afecta a un 46,8% del total mientras que para la franja de entre 30 y 64 a\u00f1os la misma cae hasta el 35,4%. La pobreza afecta al 13,2% de la poblaci\u00f3n mayor a 65 a\u00f1os.<\/p>\n<p>A la hora de indagar en los motivos que explican el salto en los niveles de pobreza e indigencia resulta necesario analizar diversas dimensiones. En primer lugar, los precios de los alimentos evolucionaron por encima del promedio de los precios de la econom\u00eda. Seg\u00fan un estudio del Centro de Econom\u00eda Pol\u00edtica Argentina (CEPA) lo hicieron en promedio en un 10,7% mensual durante el per\u00edodo. Por eso la CBT se increment\u00f3 en 5,6 puntos porcentuales por encima de lo que lo hab\u00eda hecho durante el semestre anterior.<\/p>\n<p>A la vez, destacan que durante el primer semestre del a\u00f1o el salario de los trabajadores no registrados se depreci\u00f3 en un 7,1% con relaci\u00f3n al primer semestre de 2022 y un 1% con relaci\u00f3n al segundo semestre de 2022. Los planes sociales, adem\u00e1s, resignaron un 6,3% de su poder adquisitivo con relaci\u00f3n a lo que ocurr\u00eda un a\u00f1o antes.<\/p>\n<p>Para el CEPA resulta clave destacar la evoluci\u00f3n de la Asignaci\u00f3n Universal por Hijo que, de la mano de las actualizaciones autom\u00e1ticas resign\u00f3 poco m\u00e1s de un 22% de su poder adquisitivo con relaci\u00f3n al primer semestre de 2021. De igual modo el valor de la tarjeta alimentar se depreci\u00f3 en t\u00e9rminos reales en casi un 33% desde aquel semestre.<\/p>\n<p>Pero adem\u00e1s, seg\u00fan destaca el informe del CEPA que resalta que los altos niveles de pobreza contradictoriamente coinciden con bajos niveles de desempleo, la evoluci\u00f3n del salario promedio de los trabajadores registrados sirve para explicar el fen\u00f3meno creciente de los \u201ctrabajadores pobres\u201d. Mientras que en 2017 la mediana del salario equival\u00eda a un 112,2% de la Canasta B\u00e1sica Total, durante el primer semestre de este a\u00f1o se situ\u00f3 en apenas el 85,6%. Se trata del valor m\u00e1s bajo en toda la serie incluyendo el per\u00edodo de la pandemia.<\/p>\n<p>Por eso destacan que \u201clos niveles de actividad del segundo semestre de 2017 se recuperan en el primer semestre de 2022. Sin embargo, los niveles de pobreza se mantienen muy por encima de los del periodo equivalente de 2017. Esta evoluci\u00f3n permite confirmar, por en\u00e9sima vez, que la recuperaci\u00f3n post pandemia no tuvo una distribuci\u00f3n del ingreso equitativa\u201d.<\/p>\n<p>Desde el Instituto de Pensamiento y Pol\u00edticas P\u00fablicas (IPyPP) liderado por Claudio Lozano se\u00f1alaron que \u00abel programa acordado con el FMI en 2022 gener\u00f3 un salto de la inflaci\u00f3n que afect\u00f3 m\u00e1s a la poblaci\u00f3n vulnerable ya que el valor de la CBA y la CBT crecieron por encima del IPC, lo cual se profundiz\u00f3 con la fuerte devaluaci\u00f3n de agosto\u00bb.<\/p>\n","protected":false},"excerpt":{"rendered":"<p>La indigencia peg\u00f3 un salto brusco y afecta al 9,3% de la poblaci\u00f3n. El fen\u00f3meno de los &#8220;trabajadores pobres&#8221; &nbsp; &nbsp; El INDEC difundi\u00f3 su \u00cdndice de Pobreza del que surge que, el 40,1% de los argentinos y argentinas vivi\u00f3 durante el primer semestre del a\u00f1o en hogares que no pudieron reunir los ingresos necesarios para superar la Canasta B\u00e1sica Total. El dato implica un salto de casi un punto porcentual con relaci\u00f3n al 39,2% que\u00a0 se encontraba en esa situaci\u00f3n en el segundo semestre de 2022 y de 3,6&#8230;<\/p>\n","protected":false},"author":3,"featured_media":101722,"comment_status":"closed","ping_status":"closed","sticky":false,"template":"","format":"standard","meta":[],"categories":[2],"tags":[],"_links":{"self":[{"href":"https:\/\/www.actualidadadiario.com\/index.php\/wp-json\/wp\/v2\/posts\/108709"}],"collection":[{"href":"https:\/\/www.actualidadadiario.com\/index.php\/wp-json\/wp\/v2\/posts"}],"about":[{"href":"https:\/\/www.actualidadadiario.com\/index.php\/wp-json\/wp\/v2\/types\/post"}],"author":[{"embeddable":true,"href":"https:\/\/www.actualidadadiario.com\/index.php\/wp-json\/wp\/v2\/users\/3"}],"replies":[{"embeddable":true,"href":"https:\/\/www.actualidadadiario.com\/index.php\/wp-json\/wp\/v2\/comments?post=108709"}],"version-history":[{"count":1,"href":"https:\/\/www.actualidadadiario.com\/index.php\/wp-json\/wp\/v2\/posts\/108709\/revisions"}],"predecessor-version":[{"id":108710,"href":"https:\/\/www.actualidadadiario.com\/index.php\/wp-json\/wp\/v2\/posts\/108709\/revisions\/108710"}],"wp:featuredmedia":[{"embeddable":true,"href":"https:\/\/www.actualidadadiario.com\/index.php\/wp-json\/wp\/v2\/media\/101722"}],"wp:attachment":[{"href":"https:\/\/www.actualidadadiario.com\/index.php\/wp-json\/wp\/v2\/media?parent=108709"}],"wp:term":[{"taxonomy":"category","embeddable":true,"href":"https:\/\/www.actualidadadiario.com\/index.php\/wp-json\/wp\/v2\/categories?post=108709"},{"taxonomy":"post_tag","embeddable":true,"href":"https:\/\/www.actualidadadiario.com\/index.php\/wp-json\/wp\/v2\/tags?post=108709"}],"curies":[{"name":"wp","href":"https:\/\/api.w.org\/{rel}","templated":true}]}}