{"id":108703,"date":"2023-09-28T13:05:26","date_gmt":"2023-09-28T16:05:26","guid":{"rendered":"https:\/\/www.actualidadadiario.com\/?p=108703"},"modified":"2023-09-28T13:05:26","modified_gmt":"2023-09-28T16:05:26","slug":"el-ministerio-de-salud-insta-a-aplicarse-las-vacunas-de-refuerzo-contra-el-coronavirus","status":"publish","type":"post","link":"https:\/\/www.actualidadadiario.com\/index.php\/2023\/09\/28\/el-ministerio-de-salud-insta-a-aplicarse-las-vacunas-de-refuerzo-contra-el-coronavirus\/","title":{"rendered":"El Ministerio de Salud insta a aplicarse las vacunas de refuerzo contra el coronavirus"},"content":{"rendered":"<p style=\"text-align: center;\"><em><strong>Desde la OMS se alert\u00f3 sobre el surgimiento de nuevas variantes del SARS-CoV-2, como EG.5 y BA2.86, que hasta el momento poseen un comportamiento similar a la variante \u00d3micron<\/strong><\/em><\/p>\n<p>&nbsp;<\/p>\n<p>&nbsp;<\/p>\n<p>El Ministerio de Salud de la Naci\u00f3n llam\u00f3 a toda la poblaci\u00f3n a aplicarse las dosis de refuerzo contra la Covid-19, en especial a las personas de 50 a\u00f1os o m\u00e1s y las gestantes, por ser los grupos de mayor riesgo para desarrollar formas graves de la enfermedad, inform\u00f3 este jueves la cartera sanitaria.<\/p>\n<p>Seg\u00fan el registro federal de vacunaci\u00f3n, hay m\u00e1s de 10 millones de personas dentro de esa franja etaria que no recibi\u00f3 ninguna dosis de refuerzo desde hace m\u00e1s de 6 meses.<\/p>\n<p>La recomendaci\u00f3n de aplicarse la vacuna de refuerzo una vez pasados los seis meses es tambi\u00e9n avalada por la Organizaci\u00f3n Mundial de la Salud (OMS) que destaca la destaca como la herramienta m\u00e1s eficaz para enfrentar la enfermedad.<\/p>\n<p>La cartera sanitaria nacional record\u00f3 en un comunicado oficial que, m\u00e1s all\u00e1 de que las personas cuenten con el esquema primario completo, la estrategia de refuerzo de vacunas contra la Covid-19 &#8220;es fundamental para mantener una protecci\u00f3n adecuada a fin de prevenir complicaciones, hospitalizaciones y muertes por esta enfermedad&#8221;.<\/p>\n<p>En este contexto, se recomienda fuertemente que quienes se encuentren dentro de grupos con alto riesgo de desarrollar formas graves de enfermedad, como son las personas de 50 a\u00f1os o mayores y las personas gestantes, reciban una dosis de refuerzo contra Covid-19 si ya transcurrieron 6 meses desde la \u00faltima dosis aplicada, independientemente de la cantidad de refuerzos recibidos previamente.<\/p>\n<p>En tanto, las personas menores de 50 a\u00f1os con comorbilidades (enfermedades cr\u00f3nicas y obesidad) y las personas con mayor riesgo de exposici\u00f3n (personal de salud) y funci\u00f3n estrat\u00e9gica se incluyen en el grupo de riesgo medio de experimentar enfermedad grave o muerte por infecci\u00f3n por Covid-19.<\/p>\n<p>&#8220;La recomendaci\u00f3n es que si ya recibieron un refuerzo en los \u00faltimos 6 meses, recuerden la importancia de aplicarse un refuerzo anual&#8221;, aseguraron.<\/p>\n<p>Por \u00faltimo, a las personas consideradas con bajo riesgo de complicaciones, es decir, menores de 50 a\u00f1os sin comorbilidades, se les recomienda una vacunaci\u00f3n de refuerzo contra la Covid-19 de forma anual.<\/p>\n<p>Para acceder a las postas de vacunaci\u00f3n o lugares se puede ingresar en la web oficial del ministerio de Salud de la Naci\u00f3n: www.argentina.gob.ar\/coronavirus\/vacuna y recordar llevar documento de identidad y aplicaci\u00f3n del celular &#8220;Mi Argentina&#8221; o comprobantes donde figure la cantidad de dosis aplicadas.<\/p>\n<p>Desde la OMS destacaron que la vacunaci\u00f3n y la aplicaci\u00f3n de refuerzos sigue siendo la herramienta m\u00e1s eficaz para enfrentar a la Covid-19, y remarcaron que, si bien la vigilancia sobre el virus disminuy\u00f3 en todo el mundo, sigue habiendo circulaci\u00f3n y aumento de casos, sobre todo en las regiones de As\u00eda y Am\u00e9rica.<\/p>\n<p>Adem\u00e1s, se alert\u00f3 sobre el surgimiento de nuevas variantes del SARS-CoV-2, como EG.5 y BA2.86, que hasta el momento poseen un comportamiento similar a la variante \u00d3micron.<\/p>\n","protected":false},"excerpt":{"rendered":"<p>Desde la OMS se alert\u00f3 sobre el surgimiento de nuevas variantes del SARS-CoV-2, como EG.5 y BA2.86, que hasta el momento poseen un comportamiento similar a la variante \u00d3micron &nbsp; &nbsp; El Ministerio de Salud de la Naci\u00f3n llam\u00f3 a toda la poblaci\u00f3n a aplicarse las dosis de refuerzo contra la Covid-19, en especial a las personas de 50 a\u00f1os o m\u00e1s y las gestantes, por ser los grupos de mayor riesgo para desarrollar formas graves de la enfermedad, inform\u00f3 este jueves la cartera sanitaria. Seg\u00fan el registro federal de&#8230;<\/p>\n","protected":false},"author":3,"featured_media":108704,"comment_status":"closed","ping_status":"closed","sticky":false,"template":"","format":"standard","meta":[],"categories":[9],"tags":[],"_links":{"self":[{"href":"https:\/\/www.actualidadadiario.com\/index.php\/wp-json\/wp\/v2\/posts\/108703"}],"collection":[{"href":"https:\/\/www.actualidadadiario.com\/index.php\/wp-json\/wp\/v2\/posts"}],"about":[{"href":"https:\/\/www.actualidadadiario.com\/index.php\/wp-json\/wp\/v2\/types\/post"}],"author":[{"embeddable":true,"href":"https:\/\/www.actualidadadiario.com\/index.php\/wp-json\/wp\/v2\/users\/3"}],"replies":[{"embeddable":true,"href":"https:\/\/www.actualidadadiario.com\/index.php\/wp-json\/wp\/v2\/comments?post=108703"}],"version-history":[{"count":1,"href":"https:\/\/www.actualidadadiario.com\/index.php\/wp-json\/wp\/v2\/posts\/108703\/revisions"}],"predecessor-version":[{"id":108705,"href":"https:\/\/www.actualidadadiario.com\/index.php\/wp-json\/wp\/v2\/posts\/108703\/revisions\/108705"}],"wp:featuredmedia":[{"embeddable":true,"href":"https:\/\/www.actualidadadiario.com\/index.php\/wp-json\/wp\/v2\/media\/108704"}],"wp:attachment":[{"href":"https:\/\/www.actualidadadiario.com\/index.php\/wp-json\/wp\/v2\/media?parent=108703"}],"wp:term":[{"taxonomy":"category","embeddable":true,"href":"https:\/\/www.actualidadadiario.com\/index.php\/wp-json\/wp\/v2\/categories?post=108703"},{"taxonomy":"post_tag","embeddable":true,"href":"https:\/\/www.actualidadadiario.com\/index.php\/wp-json\/wp\/v2\/tags?post=108703"}],"curies":[{"name":"wp","href":"https:\/\/api.w.org\/{rel}","templated":true}]}}