{"id":108700,"date":"2023-09-28T11:25:15","date_gmt":"2023-09-28T14:25:15","guid":{"rendered":"https:\/\/www.actualidadadiario.com\/?p=108700"},"modified":"2023-09-28T11:25:15","modified_gmt":"2023-09-28T14:25:15","slug":"crece-la-escasez-de-combustible-en-la-provincia-y-las-estaciones-de-servicio-responsabilizan-a-las-petroleras","status":"publish","type":"post","link":"https:\/\/www.actualidadadiario.com\/index.php\/2023\/09\/28\/crece-la-escasez-de-combustible-en-la-provincia-y-las-estaciones-de-servicio-responsabilizan-a-las-petroleras\/","title":{"rendered":"Crece la escasez de combustible en la provincia y las estaciones de servicio responsabilizan a las petroleras"},"content":{"rendered":"<p style=\"text-align: center;\"><em><strong>La C\u00e1mara de Estaciones de Combustibles y Anexos de Entre R\u00edos (Cecaer) afirm\u00f3 que la faltante les es \u201ctotalmente ajena\u201d y responsabiliz\u00f3 a las petroleras, que establecieron cupos y recortaron el volumen normal de entregas<\/strong><\/em><\/p>\n<p>&nbsp;<\/p>\n<p>&nbsp;<\/p>\n<p>La C\u00e1mara de Estaciones de Combustibles y Anexos de Entre R\u00edos (Cecaer) difundi\u00f3 un comunicado ante las reiteradas consultas y a la creciente preocupaci\u00f3n por los faltantes de combustible, que sigue en aumento y sin v\u00edas de soluci\u00f3n. En primer lugar aclararon que \u201cesta situaci\u00f3n es absolutamente ajena a las y los Operadoras\/es de nuestras bocas de expendio\u201d.<\/p>\n<p>En este marco, informaron que han gestionado soluciones conjuntamente con la Confederaci\u00f3n que las agrupa, ya que se trata de un problema \u201cque est\u00e1 afectando todos e impactando en la vida diaria, el comercio, la producci\u00f3n, el turismo, la seguridad, la salud y el transporte en general\u201d.<\/p>\n<p>En otro tramo del comunicado se\u00f1alaron que \u201ca partir de la \u00faltima devaluaci\u00f3n, el incremento de los precios de los combustibles y el inmediato congelamiento de los mismos implic\u00f3 -como reacci\u00f3n inmediata de las petroleras- el establecimiento de cupos y el recorte del volumen normal de entregas, lo que provoc\u00f3 que muchas estaciones se vean obligadas a \u201cclausurar surtidores por el faltante, a veces por horas y otras por d\u00edas\u201d.<\/p>\n<p>Luego indicaron que en el caso de las estaciones que no cuentan con bandera de petrolera, pero que se proveen por su canal mayorista, el precio de costo les fue incrementado a\u00fan por encima del que ellas mismas sugieren para el p\u00fablico y tambi\u00e9n tienen dificultades para la entrega.<\/p>\n<p>Finalmente la C\u00e1mara de Estaciones cuestion\u00f3 \u201cla falta de una comunicaci\u00f3n oficial por parte de las autoridades y de las propias refiner\u00edas\u201d y advirtieron que \u201cno hay certeza de cu\u00e1nto puede llegar a durar esta situaci\u00f3n que, de momento, solo parece agravarse\u201d.<\/p>\n<p>\u201cCon la esperanza de una pronta soluci\u00f3n, continuaremos con todas las gestiones, a nuestro alcance para que podamos conseguir el abastecimiento necesario y suficiente para satisfacer a nuestros consumidores\u201d, concluye el comunicado.<\/p>\n","protected":false},"excerpt":{"rendered":"<p>La C\u00e1mara de Estaciones de Combustibles y Anexos de Entre R\u00edos (Cecaer) afirm\u00f3 que la faltante les es \u201ctotalmente ajena\u201d y responsabiliz\u00f3 a las petroleras, que establecieron cupos y recortaron el volumen normal de entregas &nbsp; &nbsp; La C\u00e1mara de Estaciones de Combustibles y Anexos de Entre R\u00edos (Cecaer) difundi\u00f3 un comunicado ante las reiteradas consultas y a la creciente preocupaci\u00f3n por los faltantes de combustible, que sigue en aumento y sin v\u00edas de soluci\u00f3n. En primer lugar aclararon que \u201cesta situaci\u00f3n es absolutamente ajena a las y los Operadoras\/es&#8230;<\/p>\n","protected":false},"author":3,"featured_media":44988,"comment_status":"closed","ping_status":"closed","sticky":false,"template":"","format":"standard","meta":[],"categories":[9,15],"tags":[],"_links":{"self":[{"href":"https:\/\/www.actualidadadiario.com\/index.php\/wp-json\/wp\/v2\/posts\/108700"}],"collection":[{"href":"https:\/\/www.actualidadadiario.com\/index.php\/wp-json\/wp\/v2\/posts"}],"about":[{"href":"https:\/\/www.actualidadadiario.com\/index.php\/wp-json\/wp\/v2\/types\/post"}],"author":[{"embeddable":true,"href":"https:\/\/www.actualidadadiario.com\/index.php\/wp-json\/wp\/v2\/users\/3"}],"replies":[{"embeddable":true,"href":"https:\/\/www.actualidadadiario.com\/index.php\/wp-json\/wp\/v2\/comments?post=108700"}],"version-history":[{"count":1,"href":"https:\/\/www.actualidadadiario.com\/index.php\/wp-json\/wp\/v2\/posts\/108700\/revisions"}],"predecessor-version":[{"id":108701,"href":"https:\/\/www.actualidadadiario.com\/index.php\/wp-json\/wp\/v2\/posts\/108700\/revisions\/108701"}],"wp:featuredmedia":[{"embeddable":true,"href":"https:\/\/www.actualidadadiario.com\/index.php\/wp-json\/wp\/v2\/media\/44988"}],"wp:attachment":[{"href":"https:\/\/www.actualidadadiario.com\/index.php\/wp-json\/wp\/v2\/media?parent=108700"}],"wp:term":[{"taxonomy":"category","embeddable":true,"href":"https:\/\/www.actualidadadiario.com\/index.php\/wp-json\/wp\/v2\/categories?post=108700"},{"taxonomy":"post_tag","embeddable":true,"href":"https:\/\/www.actualidadadiario.com\/index.php\/wp-json\/wp\/v2\/tags?post=108700"}],"curies":[{"name":"wp","href":"https:\/\/api.w.org\/{rel}","templated":true}]}}