{"id":108690,"date":"2023-09-28T11:21:16","date_gmt":"2023-09-28T14:21:16","guid":{"rendered":"https:\/\/www.actualidadadiario.com\/?p=108690"},"modified":"2023-09-28T11:21:16","modified_gmt":"2023-09-28T14:21:16","slug":"se-dispuso-un-aumento-del-33-en-las-becas-destinadas-a-los-estudiantes-entrerrianos","status":"publish","type":"post","link":"https:\/\/www.actualidadadiario.com\/index.php\/2023\/09\/28\/se-dispuso-un-aumento-del-33-en-las-becas-destinadas-a-los-estudiantes-entrerrianos\/","title":{"rendered":"Se dispuso un aumento del 33% en las becas destinadas a los estudiantes entrerrianos"},"content":{"rendered":"<p style=\"text-align: center;\"><em><strong>El Instituto Becario estableci\u00f3 un incremento de las becas estudiantiles del orden del 33%, que se percibir\u00e1 con el pr\u00f3ximo pago en el mes de octubre. Con esta medida se alcanza un aumento interanual del 160%, lo que supera los \u00edndices de inflaci\u00f3n<\/strong><\/em><\/p>\n<p>&nbsp;<\/p>\n<p>&nbsp;<\/p>\n<p>El incremento dado a conocer este martes se har\u00e1 efectivo con el pr\u00f3ximo pago de las becas y se suma a los anteriores otorgados en junio y al inicio del calendario anual. La disposici\u00f3n tiene que ver con la pol\u00edtica del gobierno provincial y del Instituto Becario de mantener los incrementos por encima de la inflaci\u00f3n y se hace posible a ra\u00edz del ordenamiento de las cuentas p\u00fablicas y de la adecuada gesti\u00f3n en el organismo becario.<\/p>\n<p>En este caso el incremento es para todos los niveles y programas de becas de estudio que superan m\u00e1s de 20.000 becados. Los beneficios del Becario se completan con otras 20.000 a trav\u00e9s de los servicios, como el Transporte Escolar Rural, Educando en Movimiento, Feria de carreras y oficios, entre otros.<\/p>\n<p>&#8220;El orden administrativo y en las cuentas nos ha permitido mantener y elevar los beneficios brindados durante esta gesti\u00f3n a trav\u00e9s del Instituto Becario. Este mes se dispuso otorgar un nuevo aumento que va del 30 al 36 por ciento en las becas estudiantiles, lo que hace un promedio del 33 por ciento, y se har\u00e1 efectivo con el pago en el mes de octubre&#8221;, dijo el director ejecutivo del Instituto Becario, Sebasti\u00e1n B\u00e9rtoli, y acot\u00f3 que desde octubre de 2022 al mismo mes de 2023 se lleg\u00f3 a un incremento del 160 por ciento.<\/p>\n<p>Tambi\u00e9n destac\u00f3 el mantenimiento y el crecimiento tanto de becas estudiantiles como los servicios, superando en la actualidad los m\u00e1s de 40.000 beneficios entre ambas, llegando de manera directa a los estudiantes entrerrianos en apoyo a las familias y a la educaci\u00f3n p\u00fablica en la provincia.<\/p>\n","protected":false},"excerpt":{"rendered":"<p>El Instituto Becario estableci\u00f3 un incremento de las becas estudiantiles del orden del 33%, que se percibir\u00e1 con el pr\u00f3ximo pago en el mes de octubre. Con esta medida se alcanza un aumento interanual del 160%, lo que supera los \u00edndices de inflaci\u00f3n &nbsp; &nbsp; El incremento dado a conocer este martes se har\u00e1 efectivo con el pr\u00f3ximo pago de las becas y se suma a los anteriores otorgados en junio y al inicio del calendario anual. La disposici\u00f3n tiene que ver con la pol\u00edtica del gobierno provincial y del&#8230;<\/p>\n","protected":false},"author":3,"featured_media":87791,"comment_status":"closed","ping_status":"closed","sticky":false,"template":"","format":"standard","meta":[],"categories":[15],"tags":[],"_links":{"self":[{"href":"https:\/\/www.actualidadadiario.com\/index.php\/wp-json\/wp\/v2\/posts\/108690"}],"collection":[{"href":"https:\/\/www.actualidadadiario.com\/index.php\/wp-json\/wp\/v2\/posts"}],"about":[{"href":"https:\/\/www.actualidadadiario.com\/index.php\/wp-json\/wp\/v2\/types\/post"}],"author":[{"embeddable":true,"href":"https:\/\/www.actualidadadiario.com\/index.php\/wp-json\/wp\/v2\/users\/3"}],"replies":[{"embeddable":true,"href":"https:\/\/www.actualidadadiario.com\/index.php\/wp-json\/wp\/v2\/comments?post=108690"}],"version-history":[{"count":1,"href":"https:\/\/www.actualidadadiario.com\/index.php\/wp-json\/wp\/v2\/posts\/108690\/revisions"}],"predecessor-version":[{"id":108691,"href":"https:\/\/www.actualidadadiario.com\/index.php\/wp-json\/wp\/v2\/posts\/108690\/revisions\/108691"}],"wp:featuredmedia":[{"embeddable":true,"href":"https:\/\/www.actualidadadiario.com\/index.php\/wp-json\/wp\/v2\/media\/87791"}],"wp:attachment":[{"href":"https:\/\/www.actualidadadiario.com\/index.php\/wp-json\/wp\/v2\/media?parent=108690"}],"wp:term":[{"taxonomy":"category","embeddable":true,"href":"https:\/\/www.actualidadadiario.com\/index.php\/wp-json\/wp\/v2\/categories?post=108690"},{"taxonomy":"post_tag","embeddable":true,"href":"https:\/\/www.actualidadadiario.com\/index.php\/wp-json\/wp\/v2\/tags?post=108690"}],"curies":[{"name":"wp","href":"https:\/\/api.w.org\/{rel}","templated":true}]}}