{"id":108688,"date":"2023-09-28T11:20:25","date_gmt":"2023-09-28T14:20:25","guid":{"rendered":"https:\/\/www.actualidadadiario.com\/?p=108688"},"modified":"2023-09-28T11:20:25","modified_gmt":"2023-09-28T14:20:25","slug":"estudiantes-de-primaria-de-entre-rios-reciben-210-mil-nuevos-ejemplares-de-libros-para-aprender","status":"publish","type":"post","link":"https:\/\/www.actualidadadiario.com\/index.php\/2023\/09\/28\/estudiantes-de-primaria-de-entre-rios-reciben-210-mil-nuevos-ejemplares-de-libros-para-aprender\/","title":{"rendered":"Estudiantes de primaria de Entre R\u00edos reciben 210 mil nuevos ejemplares de \u201cLibros para Aprender\u201d"},"content":{"rendered":"<p style=\"text-align: center;\"><em><strong>Estudiantes de primaria de primero a sexto grado de la provincia reciben ejemplares de la nueva colecci\u00f3n literaria \u201cHistorias x Leer\u201d, que distribuye el Ministerio de Educaci\u00f3n de la Naci\u00f3n. La iniciativa representa un compromiso s\u00f3lido con la promoci\u00f3n de la lectura y el acceso a la cultura<\/strong><\/em><\/p>\n<p>&nbsp;<\/p>\n<p>&nbsp;<\/p>\n<p>La propuesta se enmarca en el programa nacional Libros para Aprender, que organiza el proceso de ense\u00f1anza y aprendizaje y profundiza el trabajo con foco en Matem\u00e1tica, lectura y escritura. Entre 2022 y 2023 el programa entreg\u00f3 m\u00e1s de 843.000 libros a alumnas y alumnos de Entre R\u00edos.<\/p>\n<p>En esta oportunidad, m\u00e1s de 210.000 ejemplares de Historias x Leer llegan a manos de las y los estudiantes, de primero a sexto grado. Cada ni\u00f1o y ni\u00f1a recibe dos libros de cuentos de literatura, que se suman a los dos libros previamente entregados de Lengua y Matem\u00e1tica.<\/p>\n<p>La directora de Educaci\u00f3n Primaria del Consejo General de Educaci\u00f3n (CGE), Mabel Creolani, indic\u00f3 que \u201cla colecci\u00f3n Historias x Leer permite que nuestros ni\u00f1os y nuestras ni\u00f1as se embarquen en la lectura desde el inicio de su escolaridad, lo que implica una herencia cultural y literaria, un viaje a nuevos e interesantes mundos de la mano de autores e ilustradores argentinos\u201d, y a\u00f1adi\u00f3 que \u201cla llegada de estos nuevos libros es posible por el compromiso \u00e9tico y pol\u00edtico de un Estado que invierte en la educaci\u00f3n desde una perspectiva de derecho a la alfabetizaci\u00f3n plena, inclusi\u00f3n y diversidad\u201d.<\/p>\n<p>\u201cNos emociona esta oportunidad de que el estudiante inaugure su biblioteca personal en su hogar, posibilitando que la construcci\u00f3n como sujeto lector tenga continuidad m\u00e1s all\u00e1 del entorno escolar\u201d, asegur\u00f3 la funcionaria provincial.<\/p>\n<p>Un aspecto destacado de esta iniciativa es la inclusi\u00f3n de una versi\u00f3n multimedia de cada libro, musicalizada por la Orquesta Federal Infantil y Juvenil del Programa Nacional de Orquestas y Coros, conformada por ni\u00f1as, ni\u00f1os y j\u00f3venes de todo el pa\u00eds. Esta sinergia entre la literatura y la m\u00fasica permite a los estudiantes sumergirse en historias cautivadoras de una manera \u00fanica.<\/p>\n<p>Para dar vida a los personajes y textos, diversos artistas prestaron sus voces en la lectura de los cuentos. Adem\u00e1s, se ha garantizado la accesibilidad al contenido, ya que los textos tambi\u00e9n fueron interpretados en Lengua de Se\u00f1as Argentinas (LSA).<\/p>\n<p>Para aquellas instituciones con poblaci\u00f3n ind\u00edgena, se elaboraron traducciones al qom, wich\u00ed, mapundungun, quechua y guaran\u00ed, promoviendo as\u00ed la inclusi\u00f3n y el respeto por la diversidad cultural de nuestro pa\u00eds.<\/p>\n","protected":false},"excerpt":{"rendered":"<p>Estudiantes de primaria de primero a sexto grado de la provincia reciben ejemplares de la nueva colecci\u00f3n literaria \u201cHistorias x Leer\u201d, que distribuye el Ministerio de Educaci\u00f3n de la Naci\u00f3n. La iniciativa representa un compromiso s\u00f3lido con la promoci\u00f3n de la lectura y el acceso a la cultura &nbsp; &nbsp; La propuesta se enmarca en el programa nacional Libros para Aprender, que organiza el proceso de ense\u00f1anza y aprendizaje y profundiza el trabajo con foco en Matem\u00e1tica, lectura y escritura. Entre 2022 y 2023 el programa entreg\u00f3 m\u00e1s de 843.000&#8230;<\/p>\n","protected":false},"author":3,"featured_media":86232,"comment_status":"closed","ping_status":"closed","sticky":false,"template":"","format":"standard","meta":[],"categories":[15],"tags":[],"_links":{"self":[{"href":"https:\/\/www.actualidadadiario.com\/index.php\/wp-json\/wp\/v2\/posts\/108688"}],"collection":[{"href":"https:\/\/www.actualidadadiario.com\/index.php\/wp-json\/wp\/v2\/posts"}],"about":[{"href":"https:\/\/www.actualidadadiario.com\/index.php\/wp-json\/wp\/v2\/types\/post"}],"author":[{"embeddable":true,"href":"https:\/\/www.actualidadadiario.com\/index.php\/wp-json\/wp\/v2\/users\/3"}],"replies":[{"embeddable":true,"href":"https:\/\/www.actualidadadiario.com\/index.php\/wp-json\/wp\/v2\/comments?post=108688"}],"version-history":[{"count":1,"href":"https:\/\/www.actualidadadiario.com\/index.php\/wp-json\/wp\/v2\/posts\/108688\/revisions"}],"predecessor-version":[{"id":108689,"href":"https:\/\/www.actualidadadiario.com\/index.php\/wp-json\/wp\/v2\/posts\/108688\/revisions\/108689"}],"wp:featuredmedia":[{"embeddable":true,"href":"https:\/\/www.actualidadadiario.com\/index.php\/wp-json\/wp\/v2\/media\/86232"}],"wp:attachment":[{"href":"https:\/\/www.actualidadadiario.com\/index.php\/wp-json\/wp\/v2\/media?parent=108688"}],"wp:term":[{"taxonomy":"category","embeddable":true,"href":"https:\/\/www.actualidadadiario.com\/index.php\/wp-json\/wp\/v2\/categories?post=108688"},{"taxonomy":"post_tag","embeddable":true,"href":"https:\/\/www.actualidadadiario.com\/index.php\/wp-json\/wp\/v2\/tags?post=108688"}],"curies":[{"name":"wp","href":"https:\/\/api.w.org\/{rel}","templated":true}]}}