{"id":108682,"date":"2023-09-27T15:08:03","date_gmt":"2023-09-27T18:08:03","guid":{"rendered":"https:\/\/www.actualidadadiario.com\/?p=108682"},"modified":"2023-09-27T15:08:03","modified_gmt":"2023-09-27T18:08:03","slug":"boric-admitio-estar-preocupado-por-el-exito-del-nuevo-proceso-constitucional","status":"publish","type":"post","link":"https:\/\/www.actualidadadiario.com\/index.php\/2023\/09\/27\/boric-admitio-estar-preocupado-por-el-exito-del-nuevo-proceso-constitucional\/","title":{"rendered":"Boric admiti\u00f3 estar &#8220;preocupado&#8221; por el \u00e9xito del nuevo proceso constitucional"},"content":{"rendered":"<p style=\"text-align: center;\"><em><strong>El Presidente llam\u00f3 a los partidos pol\u00edticos al \u201cmayor consenso posible\u201d para entregar una carta magna para \u201ctodos los chilenos y no solo de un sector\u201d. El 13 de septiembre pasado, la expresidenta de Chile, Michelle Bachelet reconoci\u00f3 que no es \u201cinevitable volver a fracasar\u201d<\/strong><\/em><\/p>\n<p>&nbsp;<\/p>\n<p>&nbsp;<\/p>\n<p>El presidente de Chile, Gabriel Boric, admiti\u00f3 este mi\u00e9rcoles estar \u201cpreocupado del \u00e9xito\u201d del segundo proceso constitucional y llam\u00f3 a los partidos pol\u00edticos al \u201cmayor consenso posible\u201d para entregar una carta magna para \u201ctodos los chilenos y no solo de un sector\u201d.<\/p>\n<p>En una caminata desde el Palacio de La Moneda, sede del Ejecutivo, hacia la Canciller\u00eda, el mandatario se detuvo unos minutos a conversar con la prensa en la calle donde abord\u00f3 el proceso que lleva adelante el Consejo Constitucional, compuesto en su mayor\u00eda por miembros del pinochetista Partido Republicano.<\/p>\n<p>\u201cHemos trabajo por tener una nueva Constituci\u00f3n que tiene que reflejar los consensos que tenemos todos los chilenos y no solo un sector\u201d, dijo Boric.<\/p>\n<p>El mandatario asegur\u00f3 que le \u201cinteresa\u201d que el proceso constituyente \u201cest\u00e9 bien\u201d y advirti\u00f3: &#8220;Quienes quieran antagonistas en m\u00ed no los van a encontrar\u201d.<\/p>\n<p>\u201cYo estoy preocupado del \u00e9xito del proceso y no voy a ser quien trabaje por lo contrario\u201d, agreg\u00f3.<\/p>\n<p>Boric llam\u00f3 a los partidos pol\u00edticos al \u201cmayor consenso posible\u201d y asegur\u00f3 que desde el Gobierno colaborar\u00e1n con el proceso.<\/p>\n<p>\u201cEspero que las voces que se est\u00e1n levantando, apuntando al mayor consenso posible, sean escuchadas y les deseo todo el \u00e9xito y van a contar con nuestra colaboraci\u00f3n en eso\u201d, remarc\u00f3.<\/p>\n<p>El 13 de septiembre pasado, la expresidenta de Chile, Michelle Bachelet, tambi\u00e9n afirm\u00f3 estar \u201cmuy preocupada\u201d por el \u00e9xito del nuevo proceso constituyente debido a \u201cvarios s\u00edntomas\u201d y reconoci\u00f3 que no es \u201cinevitable volver a fracasar\u201d.<\/p>\n<p>Por su parte, el presidente del Senado, Juan Antonio Coloma (derecha), dijo que un tercer proceso constituyente \u201cser\u00eda una locura total\u201d en caso de que el actual proceso fuese rechazado.<\/p>\n<p>\u201cUn tercer plebiscito ser\u00eda una locura total, est\u00e1 fuera de cualquier reflexi\u00f3n\u201d, asegur\u00f3 en entrevista con Radio Concierto, sobre una idea que igualmente ya fue descartada por el Gobierno.<\/p>\n<p>Este nuevo proceso constituyente, que comenz\u00f3 el pasado 7 de junio, se origin\u00f3 luego del fracaso del intento anterior, que surgi\u00f3 de las protestas ciudadanas tras el estallido de octubre de 2019 y un plebiscito que por 80% de los votos apoy\u00f3 un cambio de la actual Constituci\u00f3n de la \u00e9poca del dictador Augusto Pinochet (1973-1990).<\/p>\n<p>El anterior proyecto de carta magna, redactado en su mayor\u00eda por convencionales constituyentes de izquierda e independientes, fue rechazado por el 61% de los chilenos el 4 de septiembre de 2022.<\/p>\n<p>Ahora, en un segundo proceso, el Consejo Constitucional, conformado por 50 integrantes en su mayor\u00eda de derecha, deber\u00e1 entregar el texto final, que ser\u00e1 votado en un plebiscito obligatorio el 17 de diciembre y podr\u00eda eliminar la Constituci\u00f3n actual.<\/p>\n","protected":false},"excerpt":{"rendered":"<p>El Presidente llam\u00f3 a los partidos pol\u00edticos al \u201cmayor consenso posible\u201d para entregar una carta magna para \u201ctodos los chilenos y no solo de un sector\u201d. El 13 de septiembre pasado, la expresidenta de Chile, Michelle Bachelet reconoci\u00f3 que no es \u201cinevitable volver a fracasar\u201d &nbsp; &nbsp; El presidente de Chile, Gabriel Boric, admiti\u00f3 este mi\u00e9rcoles estar \u201cpreocupado del \u00e9xito\u201d del segundo proceso constitucional y llam\u00f3 a los partidos pol\u00edticos al \u201cmayor consenso posible\u201d para entregar una carta magna para \u201ctodos los chilenos y no solo de un sector\u201d. En&#8230;<\/p>\n","protected":false},"author":3,"featured_media":108683,"comment_status":"closed","ping_status":"closed","sticky":false,"template":"","format":"standard","meta":[],"categories":[4],"tags":[],"_links":{"self":[{"href":"https:\/\/www.actualidadadiario.com\/index.php\/wp-json\/wp\/v2\/posts\/108682"}],"collection":[{"href":"https:\/\/www.actualidadadiario.com\/index.php\/wp-json\/wp\/v2\/posts"}],"about":[{"href":"https:\/\/www.actualidadadiario.com\/index.php\/wp-json\/wp\/v2\/types\/post"}],"author":[{"embeddable":true,"href":"https:\/\/www.actualidadadiario.com\/index.php\/wp-json\/wp\/v2\/users\/3"}],"replies":[{"embeddable":true,"href":"https:\/\/www.actualidadadiario.com\/index.php\/wp-json\/wp\/v2\/comments?post=108682"}],"version-history":[{"count":1,"href":"https:\/\/www.actualidadadiario.com\/index.php\/wp-json\/wp\/v2\/posts\/108682\/revisions"}],"predecessor-version":[{"id":108684,"href":"https:\/\/www.actualidadadiario.com\/index.php\/wp-json\/wp\/v2\/posts\/108682\/revisions\/108684"}],"wp:featuredmedia":[{"embeddable":true,"href":"https:\/\/www.actualidadadiario.com\/index.php\/wp-json\/wp\/v2\/media\/108683"}],"wp:attachment":[{"href":"https:\/\/www.actualidadadiario.com\/index.php\/wp-json\/wp\/v2\/media?parent=108682"}],"wp:term":[{"taxonomy":"category","embeddable":true,"href":"https:\/\/www.actualidadadiario.com\/index.php\/wp-json\/wp\/v2\/categories?post=108682"},{"taxonomy":"post_tag","embeddable":true,"href":"https:\/\/www.actualidadadiario.com\/index.php\/wp-json\/wp\/v2\/tags?post=108682"}],"curies":[{"name":"wp","href":"https:\/\/api.w.org\/{rel}","templated":true}]}}