{"id":10868,"date":"2017-05-02T09:51:12","date_gmt":"2017-05-02T12:51:12","guid":{"rendered":"http:\/\/actualidadadiario.com\/site\/?p=10868"},"modified":"2017-05-02T09:51:12","modified_gmt":"2017-05-02T12:51:12","slug":"brasilenos-se-oponen-a-la-reforma-laboral","status":"publish","type":"post","link":"https:\/\/www.actualidadadiario.com\/index.php\/2017\/05\/02\/brasilenos-se-oponen-a-la-reforma-laboral\/","title":{"rendered":"Brasile\u00f1os se oponen a la reforma laboral"},"content":{"rendered":"<p><em><strong>Entre seis y siete de cada 10 brasile\u00f1os se oponen a las reformas de la legislaci\u00f3n laboral y el sistema previsional impulsadas por el presidente Michel Temer, cuyo gobierno es aprobado \u00fanicamente por 9%, seg\u00fan una encuesta privada divulgada ayer<\/strong><\/em><\/p>\n<p>&nbsp;<\/p>\n<p>&nbsp;<\/p>\n<p>&nbsp;<\/p>\n<p>&nbsp;<\/p>\n<p>Entre quienes respondieron, 71% rechaza la reforma del sistema de jubilaciones y pensiones, y 64% cree que los cambios que se busca introducir a la legislaci\u00f3n laboral, beneficia principalmente a las empresas, de acuerdo con el sondeo de la firma Datafolha.<\/p>\n<p>&nbsp;<\/p>\n<p>Asimismo, una mayor\u00eda de encuestados se manifest\u00f3 contra la posibilidad de que militares, polic\u00edas y profesores se vean beneficiados por obligaciones m\u00e1s flexibles que las que rigen para el resto de los ciudadanos, dice el trabajo publicado por el diario Folha de Sao Paulo.<\/p>\n<p>&nbsp;<\/p>\n<p>La reforma laboral -que fue aprobada el jueves pasado en la C\u00e1mara de Diputados y ahora debe ser tratada por el Senado- causar\u00e1 p\u00e9rdida de derechos a los trabajadores, seg\u00fan la opini\u00f3n de 58% de los entrevistados.<\/p>\n<p>&nbsp;<\/p>\n<p>Solo 30% de los encuestados estuvo de acuerdo con que las condiciones de trabajo sean negociadas directamente entre trabajadores y patrones, mientras 60% preferir\u00eda que esos asuntos fueran decididos mediante leyes.<\/p>\n","protected":false},"excerpt":{"rendered":"<p>Entre seis y siete de cada 10 brasile\u00f1os se oponen a las reformas de la legislaci\u00f3n laboral y el sistema previsional impulsadas por el presidente Michel Temer, cuyo gobierno es aprobado \u00fanicamente por 9%, seg\u00fan una encuesta privada divulgada ayer &nbsp; &nbsp; &nbsp; &nbsp; Entre quienes respondieron, 71% rechaza la reforma del sistema de jubilaciones y pensiones, y 64% cree que los cambios que se busca introducir a la legislaci\u00f3n laboral, beneficia principalmente a las empresas, de acuerdo con el sondeo de la firma Datafolha. &nbsp; Asimismo, una mayor\u00eda de&#8230;<\/p>\n","protected":false},"author":3,"featured_media":10869,"comment_status":"closed","ping_status":"closed","sticky":false,"template":"","format":"standard","meta":[],"categories":[4],"tags":[],"_links":{"self":[{"href":"https:\/\/www.actualidadadiario.com\/index.php\/wp-json\/wp\/v2\/posts\/10868"}],"collection":[{"href":"https:\/\/www.actualidadadiario.com\/index.php\/wp-json\/wp\/v2\/posts"}],"about":[{"href":"https:\/\/www.actualidadadiario.com\/index.php\/wp-json\/wp\/v2\/types\/post"}],"author":[{"embeddable":true,"href":"https:\/\/www.actualidadadiario.com\/index.php\/wp-json\/wp\/v2\/users\/3"}],"replies":[{"embeddable":true,"href":"https:\/\/www.actualidadadiario.com\/index.php\/wp-json\/wp\/v2\/comments?post=10868"}],"version-history":[{"count":1,"href":"https:\/\/www.actualidadadiario.com\/index.php\/wp-json\/wp\/v2\/posts\/10868\/revisions"}],"predecessor-version":[{"id":10870,"href":"https:\/\/www.actualidadadiario.com\/index.php\/wp-json\/wp\/v2\/posts\/10868\/revisions\/10870"}],"wp:featuredmedia":[{"embeddable":true,"href":"https:\/\/www.actualidadadiario.com\/index.php\/wp-json\/wp\/v2\/media\/10869"}],"wp:attachment":[{"href":"https:\/\/www.actualidadadiario.com\/index.php\/wp-json\/wp\/v2\/media?parent=10868"}],"wp:term":[{"taxonomy":"category","embeddable":true,"href":"https:\/\/www.actualidadadiario.com\/index.php\/wp-json\/wp\/v2\/categories?post=10868"},{"taxonomy":"post_tag","embeddable":true,"href":"https:\/\/www.actualidadadiario.com\/index.php\/wp-json\/wp\/v2\/tags?post=10868"}],"curies":[{"name":"wp","href":"https:\/\/api.w.org\/{rel}","templated":true}]}}