{"id":108679,"date":"2023-09-27T15:07:07","date_gmt":"2023-09-27T18:07:07","guid":{"rendered":"https:\/\/www.actualidadadiario.com\/?p=108679"},"modified":"2023-09-27T15:07:07","modified_gmt":"2023-09-27T18:07:07","slug":"nunez-feijoo-tendra-una-segunda-oportunidad-por-la-jefatura-de-espana","status":"publish","type":"post","link":"https:\/\/www.actualidadadiario.com\/index.php\/2023\/09\/27\/nunez-feijoo-tendra-una-segunda-oportunidad-por-la-jefatura-de-espana\/","title":{"rendered":"N\u00fa\u00f1ez Feij\u00f3o tendr\u00e1 una segunda oportunidad por la jefatura de Espa\u00f1a"},"content":{"rendered":"<p style=\"text-align: center;\"><em><strong>El l\u00edder conservador Alberto N\u00fa\u00f1ez Feij\u00f3o perdi\u00f3 este mi\u00e9rcoles la primera de sus dos opciones para convertirse en presidente del Gobierno espa\u00f1ol. El l\u00edder del PP intentar\u00e1 el viernes sumar suficientes apoyos<\/strong><\/em><\/p>\n<p>&nbsp;<\/p>\n<p>&nbsp;<\/p>\n<p>El presidente del Partido Popular\u00a0 (PP), Alberto N\u00fa\u00f1ez Feij\u00f3, la fuerza m\u00e1s votada en las elecciones de julio en Espa\u00f1a, se qued\u00f3 con cuatro votos de la mayor\u00eda absoluta que necesitaba para ser investido presidente. &#8220;El viernes tenemos que volver a votar&#8221;, sentenci\u00f3 N\u00fa\u00f1ez Feij\u00f3o mientras abandonaba el Congreso de los Diputados espa\u00f1oles tras perder esta primera votaci\u00f3n.<\/p>\n<p>&nbsp;<\/p>\n<p><strong>El viernes N\u00fa\u00f1ez Feij\u00f3o necesita solo mayor\u00eda simple<\/strong><\/p>\n<p>Como establece la Constituci\u00f3n espa\u00f1ola, dentro de 48 horas tendr\u00e1 una segunda oportunidad, para la que ya solo necesita mayor\u00eda simple, es decir, m\u00e1s s\u00edes que noes. Algo que igualmente se aventura complicado despu\u00e9s de perder la primera con 172 votos a favor y 178 en contra. El PP cuenta con el apoyo de sus 137 representantes en la C\u00e1mara baja del Parlamento\u00a0 espa\u00f1ol donde se decide la investidura, m\u00e1s los 33 del ultraderechista Vox y dos de formaciones regionalistas.<\/p>\n<p>Pero tiene en contra al segundo partido m\u00e1s votado, el socialista PSOE del presidente del Ejecutivo en funciones, Pedro S\u00e1nchez, con 121 diputados, y la formaci\u00f3n de izquierda Sumar m\u00e1s nacionalistas e independentistas catalanes, vascos y gallegos de distinto signo pol\u00edtico, que alcanzan esos 178votos.<\/p>\n<p>Desde que hace m\u00e1s de un mes fue propuesto por el jefe de Estado, el rey Felipe VI, como candidato a la investidura, al ser el ganador de los comicios, el l\u00edder conservador no ha conseguido sumar el respaldo de alguna de esas fuerzas, ni siquiera las de derecha.<\/p>\n<p>Si fracasa tambi\u00e9n el viernes, el rey deber\u00e1 abrir una nueva ronda de consultas entre los grupos parlamentarios para proponer otro candidato. Lo que dar\u00eda la oportunidad a S\u00e1nchez, que argumenta que suma m\u00e1s apoyos e insiste en que la candidatura de los conservadores est\u00e1 condenada a fracasar.<\/p>\n<p>Aunque algunos de quienes dieron en agosto sus votos para que los socialistas se hicieran con la presidencia del Congreso ya le advirtieron entonces que S\u00e1nchez no los tendr\u00eda garantizados si opta a la investidura. Si en dos meses ning\u00fan candidato logra ser investido, pues el 27 de noviembre es la fecha tope, Espa\u00f1a se ver\u00eda abocada a nuevas elecciones, que deber\u00edan celebrarse el pr\u00f3ximo 14 de enero.<\/p>\n<p>&nbsp;<\/p>\n<p><strong>Catalu\u00f1a e independentismo, los principales temas<\/strong><\/p>\n<p>El debate en el que N\u00fa\u00f1ez Feij\u00f3o se someti\u00f3 a su primer intento de investidura estuvo plagado de alusiones a Catalu\u00f1a, pues el l\u00edder conservador centr\u00f3 su discurso en reafirmar que si es presidente, no habr\u00e1 ni amnist\u00eda para procesados \u200b\u200bpor la declaraci\u00f3n unilateral de independencia de 2017. En esta regi\u00f3n espa\u00f1ola ni un refer\u00e9ndum de autodeterminaci\u00f3n pactado con el Estado espa\u00f1ol.<\/p>\n<p>El a presidente esgrimi\u00f3 esa determinaci\u00f3n mientras acusaba a S\u00e1nchez de estar dispuesto a todo, incluso a ceder a esas demandas de los independentistas, con tal de seguir en el poder, al que lleg\u00f3 candidato en 2018.<\/p>\n<p>Aunque para ello necesitar\u00eda el apoyo de formaciones como Junts, del expresidente del Gobierno catal\u00e1n Carles Puigdemont, huido de la Justicia espa\u00f1ola tras aquel intento independentista, quien advierte de que la amnist\u00eda es una condici\u00f3n previa para darle sus votos y un primer paso hacia esa consulta. .<\/p>\n<p>N\u00fa\u00f1ez Feij\u00f3o no tuvo la r\u00e9plica del presidente en funciones durante el debate, pues los socialistas optaron porque interviniera uno de sus diputados, Oscar Puente, hasta ahora sin apenas protagonismo en el \u00e1mbito nacional de la pol\u00edtica espa\u00f1ola, ante la ira de los conservadores. N\u00fa\u00f1ez Feij\u00f3o, de 62 a\u00f1os, que fue presidente del Gobierno regional de Galicia de 2009 a 2022 antes de dar el salto a la pol\u00edtica nacional espa\u00f1ola, es el tercer candidato del PP que se somete a una investidura, tras Jos\u00e9 Mar\u00eda Aznar (1996- 2004) y Mariano Rajoy (2011-2018), que s\u00ed fueron vestidos presidentes.<\/p>\n","protected":false},"excerpt":{"rendered":"<p>El l\u00edder conservador Alberto N\u00fa\u00f1ez Feij\u00f3o perdi\u00f3 este mi\u00e9rcoles la primera de sus dos opciones para convertirse en presidente del Gobierno espa\u00f1ol. El l\u00edder del PP intentar\u00e1 el viernes sumar suficientes apoyos &nbsp; &nbsp; El presidente del Partido Popular\u00a0 (PP), Alberto N\u00fa\u00f1ez Feij\u00f3, la fuerza m\u00e1s votada en las elecciones de julio en Espa\u00f1a, se qued\u00f3 con cuatro votos de la mayor\u00eda absoluta que necesitaba para ser investido presidente. &#8220;El viernes tenemos que volver a votar&#8221;, sentenci\u00f3 N\u00fa\u00f1ez Feij\u00f3o mientras abandonaba el Congreso de los Diputados espa\u00f1oles tras perder esta&#8230;<\/p>\n","protected":false},"author":3,"featured_media":108680,"comment_status":"closed","ping_status":"closed","sticky":false,"template":"","format":"standard","meta":[],"categories":[4],"tags":[],"_links":{"self":[{"href":"https:\/\/www.actualidadadiario.com\/index.php\/wp-json\/wp\/v2\/posts\/108679"}],"collection":[{"href":"https:\/\/www.actualidadadiario.com\/index.php\/wp-json\/wp\/v2\/posts"}],"about":[{"href":"https:\/\/www.actualidadadiario.com\/index.php\/wp-json\/wp\/v2\/types\/post"}],"author":[{"embeddable":true,"href":"https:\/\/www.actualidadadiario.com\/index.php\/wp-json\/wp\/v2\/users\/3"}],"replies":[{"embeddable":true,"href":"https:\/\/www.actualidadadiario.com\/index.php\/wp-json\/wp\/v2\/comments?post=108679"}],"version-history":[{"count":1,"href":"https:\/\/www.actualidadadiario.com\/index.php\/wp-json\/wp\/v2\/posts\/108679\/revisions"}],"predecessor-version":[{"id":108681,"href":"https:\/\/www.actualidadadiario.com\/index.php\/wp-json\/wp\/v2\/posts\/108679\/revisions\/108681"}],"wp:featuredmedia":[{"embeddable":true,"href":"https:\/\/www.actualidadadiario.com\/index.php\/wp-json\/wp\/v2\/media\/108680"}],"wp:attachment":[{"href":"https:\/\/www.actualidadadiario.com\/index.php\/wp-json\/wp\/v2\/media?parent=108679"}],"wp:term":[{"taxonomy":"category","embeddable":true,"href":"https:\/\/www.actualidadadiario.com\/index.php\/wp-json\/wp\/v2\/categories?post=108679"},{"taxonomy":"post_tag","embeddable":true,"href":"https:\/\/www.actualidadadiario.com\/index.php\/wp-json\/wp\/v2\/tags?post=108679"}],"curies":[{"name":"wp","href":"https:\/\/api.w.org\/{rel}","templated":true}]}}