{"id":108677,"date":"2023-09-27T15:06:07","date_gmt":"2023-09-27T18:06:07","guid":{"rendered":"https:\/\/www.actualidadadiario.com\/?p=108677"},"modified":"2023-09-27T15:06:07","modified_gmt":"2023-09-27T18:06:07","slug":"el-papa-condeno-el-burlarse-de-la-apariencia-de-otro-con-una-anecdota-de-su-infancia","status":"publish","type":"post","link":"https:\/\/www.actualidadadiario.com\/index.php\/2023\/09\/27\/el-papa-condeno-el-burlarse-de-la-apariencia-de-otro-con-una-anecdota-de-su-infancia\/","title":{"rendered":"El Papa conden\u00f3 el burlarse de la apariencia de otro con una an\u00e9cdota de su infancia"},"content":{"rendered":"<p style=\"text-align: center;\"><em><strong>El Sumo Pont\u00edfice se culp\u00f3 con retroactividad del pecado conocido actualmente como &#8220;bullying&#8221;<\/strong><\/em><\/p>\n<p>&nbsp;<\/p>\n<p>&nbsp;<\/p>\n<p>El papa Francisco conden\u00f3 la pr\u00e1ctica entre los j\u00f3venes de burlarse de la apariencia del otro y reconoci\u00f3 que \u00e9l mismo lo hizo cuando era ni\u00f1o en la Argentina, hace m\u00e1s de siete d\u00e9cadas.<\/p>\n<p>Francisco habl\u00f3 a estudiantes universitarios en Asia en una conexi\u00f3n de v\u00eddeo, seg\u00fan inform\u00f3 la agencia de noticias Reuters.<\/p>\n<p>Una mujer de la India le cont\u00f3 que, cuando era adolescente, se sent\u00eda avergonzada e inferior a sus compa\u00f1eros de clase por su peso y su figura, y que hab\u00eda sufrido acoso escolar.<\/p>\n<p>&#8220;Independientemente de que seas gordo, delgado, bajo o alto, lo importante es vivir en armon\u00eda, armon\u00eda en el coraz\u00f3n (&#8230;) cada hombre, cada mujer tiene su propia belleza y tenemos que aprender a reconocerla&#8221;, expres\u00f3.<\/p>\n<p>Antes de responder a la mujer, que tambi\u00e9n habl\u00f3 sobre las presiones en las redes sociales, le cont\u00f3 una historia personal.<\/p>\n<p>&#8220;Recuerdo a un amigo m\u00edo que estaba un poco gordo y nos burl\u00e1bamos de \u00e9l, me atrever\u00eda a decir que lo acos\u00e1bamos, una vez le empujamos y se cay\u00f3&#8221;, cont\u00f3 Francisco.<\/p>\n<p>Pero enseguida cont\u00f3 el final de aquella an\u00e9cdota: &#8220;Cuando llegu\u00e9 a casa, le informaron a mi padre y me llev\u00f3 a casa del compa\u00f1ero de colegio para que me disculpara&#8221;.<\/p>\n<p>Francisco, de 86 a\u00f1os, coment\u00f3 que se reencontr\u00f3 con el amigo en los \u00faltimos a\u00f1os y descubri\u00f3 que se hab\u00eda convertido en pastor evang\u00e9lico. El hombre falleci\u00f3 recientemente.<\/p>\n<p>El Papa tambi\u00e9n se refiri\u00f3 a la cirug\u00eda est\u00e9tica durante la conversaci\u00f3n con los universitarios.<\/p>\n<p>&#8220;La cirug\u00eda pl\u00e1stica no sirve para nada porque la belleza va a desvanecerse con el tiempo&#8221;, expres\u00f3.<\/p>\n<p>Y cit\u00f3 a la conocida actriz italiana Anna Magnani, cuando solicit\u00f3: &#8220;Por favor, no retoquen mis arrugas. Me ha costado mucho gan\u00e1rmelas&#8221;.<\/p>\n","protected":false},"excerpt":{"rendered":"<p>El Sumo Pont\u00edfice se culp\u00f3 con retroactividad del pecado conocido actualmente como &#8220;bullying&#8221; &nbsp; &nbsp; El papa Francisco conden\u00f3 la pr\u00e1ctica entre los j\u00f3venes de burlarse de la apariencia del otro y reconoci\u00f3 que \u00e9l mismo lo hizo cuando era ni\u00f1o en la Argentina, hace m\u00e1s de siete d\u00e9cadas. Francisco habl\u00f3 a estudiantes universitarios en Asia en una conexi\u00f3n de v\u00eddeo, seg\u00fan inform\u00f3 la agencia de noticias Reuters. Una mujer de la India le cont\u00f3 que, cuando era adolescente, se sent\u00eda avergonzada e inferior a sus compa\u00f1eros de clase por&#8230;<\/p>\n","protected":false},"author":3,"featured_media":92152,"comment_status":"closed","ping_status":"closed","sticky":false,"template":"","format":"standard","meta":[],"categories":[4],"tags":[],"_links":{"self":[{"href":"https:\/\/www.actualidadadiario.com\/index.php\/wp-json\/wp\/v2\/posts\/108677"}],"collection":[{"href":"https:\/\/www.actualidadadiario.com\/index.php\/wp-json\/wp\/v2\/posts"}],"about":[{"href":"https:\/\/www.actualidadadiario.com\/index.php\/wp-json\/wp\/v2\/types\/post"}],"author":[{"embeddable":true,"href":"https:\/\/www.actualidadadiario.com\/index.php\/wp-json\/wp\/v2\/users\/3"}],"replies":[{"embeddable":true,"href":"https:\/\/www.actualidadadiario.com\/index.php\/wp-json\/wp\/v2\/comments?post=108677"}],"version-history":[{"count":1,"href":"https:\/\/www.actualidadadiario.com\/index.php\/wp-json\/wp\/v2\/posts\/108677\/revisions"}],"predecessor-version":[{"id":108678,"href":"https:\/\/www.actualidadadiario.com\/index.php\/wp-json\/wp\/v2\/posts\/108677\/revisions\/108678"}],"wp:featuredmedia":[{"embeddable":true,"href":"https:\/\/www.actualidadadiario.com\/index.php\/wp-json\/wp\/v2\/media\/92152"}],"wp:attachment":[{"href":"https:\/\/www.actualidadadiario.com\/index.php\/wp-json\/wp\/v2\/media?parent=108677"}],"wp:term":[{"taxonomy":"category","embeddable":true,"href":"https:\/\/www.actualidadadiario.com\/index.php\/wp-json\/wp\/v2\/categories?post=108677"},{"taxonomy":"post_tag","embeddable":true,"href":"https:\/\/www.actualidadadiario.com\/index.php\/wp-json\/wp\/v2\/tags?post=108677"}],"curies":[{"name":"wp","href":"https:\/\/api.w.org\/{rel}","templated":true}]}}