{"id":108663,"date":"2023-09-27T13:39:30","date_gmt":"2023-09-27T16:39:30","guid":{"rendered":"https:\/\/www.actualidadadiario.com\/?p=108663"},"modified":"2023-09-27T13:39:30","modified_gmt":"2023-09-27T16:39:30","slug":"massa-anunciara-en-el-debate-quien-sera-su-ministro-de-economia-si-es-presidente","status":"publish","type":"post","link":"https:\/\/www.actualidadadiario.com\/index.php\/2023\/09\/27\/massa-anunciara-en-el-debate-quien-sera-su-ministro-de-economia-si-es-presidente\/","title":{"rendered":"Massa anunciar\u00e1 en el debate qui\u00e9n ser\u00e1 su ministro de Econom\u00eda si es presidente"},"content":{"rendered":"<p style=\"text-align: center;\"><em><strong>El Ministro de Econom\u00eda, Sergio Massa, anunciar\u00e1 este domingo en el primer debate presidencial a su ministro de econom\u00eda y al titular del Banco Central en caso de ser electo. As\u00ed lo confirm\u00f3 el ministro durante un acto en Neuqu\u00e9n donde se mostr\u00f3 junto al gobernador Omar Guti\u00e9rrez, el electo Rolando Figueroa y al electo en R\u00edo Negro, Alberto Weretilneck<\/strong><\/em><\/p>\n<p>&nbsp;<\/p>\n<p>&nbsp;<\/p>\n<p>Seg\u00fan trascendidos, el Directorio del BCRA estar\u00e1 conformado &#8220;mitad por el oficialismo y mitad por la oposici\u00f3n&#8221;. Hasta el momento los candidatos que ya comunicaron su equipo econ\u00f3mico son Patricia Bullrich con Carlos Melconian y Javier Milei con Emilio Ocampo en el Banco Central.<\/p>\n<p>El primer debate se realizar\u00e1 el 1 de octubre en la Universidad Nacional de Santiago del Estero, la cual utilizar\u00e1 el F\u00f3rum de la capital de dicha provincia. El segundo debate ser\u00e1 el 8 de octubre, en el Sal\u00f3n de Actos de la Facultad de Derecho de la Universidad de Buenos Aires (UBA). Adem\u00e1s, la Universidad ser\u00e1 la sede de un tercer debate en caso de balotaje electoral en Argentina entre dos candidatos.<\/p>\n<p>All\u00ed los candidatos presidenciales expondr\u00e1n sus argumentos y propuestas de cara a los pr\u00f3ximos cuatro a\u00f1os. Resulta una instancia clave para atraer a aquellos electores que se encuentran indecisos.<\/p>\n","protected":false},"excerpt":{"rendered":"<p>El Ministro de Econom\u00eda, Sergio Massa, anunciar\u00e1 este domingo en el primer debate presidencial a su ministro de econom\u00eda y al titular del Banco Central en caso de ser electo. As\u00ed lo confirm\u00f3 el ministro durante un acto en Neuqu\u00e9n donde se mostr\u00f3 junto al gobernador Omar Guti\u00e9rrez, el electo Rolando Figueroa y al electo en R\u00edo Negro, Alberto Weretilneck &nbsp; &nbsp; Seg\u00fan trascendidos, el Directorio del BCRA estar\u00e1 conformado &#8220;mitad por el oficialismo y mitad por la oposici\u00f3n&#8221;. Hasta el momento los candidatos que ya comunicaron su equipo econ\u00f3mico&#8230;<\/p>\n","protected":false},"author":3,"featured_media":108664,"comment_status":"closed","ping_status":"closed","sticky":false,"template":"","format":"standard","meta":[],"categories":[18],"tags":[],"_links":{"self":[{"href":"https:\/\/www.actualidadadiario.com\/index.php\/wp-json\/wp\/v2\/posts\/108663"}],"collection":[{"href":"https:\/\/www.actualidadadiario.com\/index.php\/wp-json\/wp\/v2\/posts"}],"about":[{"href":"https:\/\/www.actualidadadiario.com\/index.php\/wp-json\/wp\/v2\/types\/post"}],"author":[{"embeddable":true,"href":"https:\/\/www.actualidadadiario.com\/index.php\/wp-json\/wp\/v2\/users\/3"}],"replies":[{"embeddable":true,"href":"https:\/\/www.actualidadadiario.com\/index.php\/wp-json\/wp\/v2\/comments?post=108663"}],"version-history":[{"count":1,"href":"https:\/\/www.actualidadadiario.com\/index.php\/wp-json\/wp\/v2\/posts\/108663\/revisions"}],"predecessor-version":[{"id":108665,"href":"https:\/\/www.actualidadadiario.com\/index.php\/wp-json\/wp\/v2\/posts\/108663\/revisions\/108665"}],"wp:featuredmedia":[{"embeddable":true,"href":"https:\/\/www.actualidadadiario.com\/index.php\/wp-json\/wp\/v2\/media\/108664"}],"wp:attachment":[{"href":"https:\/\/www.actualidadadiario.com\/index.php\/wp-json\/wp\/v2\/media?parent=108663"}],"wp:term":[{"taxonomy":"category","embeddable":true,"href":"https:\/\/www.actualidadadiario.com\/index.php\/wp-json\/wp\/v2\/categories?post=108663"},{"taxonomy":"post_tag","embeddable":true,"href":"https:\/\/www.actualidadadiario.com\/index.php\/wp-json\/wp\/v2\/tags?post=108663"}],"curies":[{"name":"wp","href":"https:\/\/api.w.org\/{rel}","templated":true}]}}