{"id":108660,"date":"2023-09-27T13:38:16","date_gmt":"2023-09-27T16:38:16","guid":{"rendered":"https:\/\/www.actualidadadiario.com\/?p=108660"},"modified":"2023-09-27T13:38:16","modified_gmt":"2023-09-27T16:38:16","slug":"el-senado-sesiona-este-jueves-ganancias-alquileres-pliegos-de-jueces-y-universidades-publicas","status":"publish","type":"post","link":"https:\/\/www.actualidadadiario.com\/index.php\/2023\/09\/27\/el-senado-sesiona-este-jueves-ganancias-alquileres-pliegos-de-jueces-y-universidades-publicas\/","title":{"rendered":"El Senado sesiona este jueves Ganancias, alquileres, pliegos de jueces y universidades p\u00fablicas"},"content":{"rendered":"<p style=\"text-align: center;\"><em><strong>En la previa al acto de la CGT en respaldo al candidato presidencial de Uni\u00f3n por la Patria, Sergio Massa, la C\u00e1mara alta realiza una sesi\u00f3n marat\u00f3nica durante la madrugada del viernes para tratar proyectos claves y aprobar un nuevo paquete de leyes<\/strong><\/em><\/p>\n<p>&nbsp;<\/p>\n<p>&nbsp;<\/p>\n<p>La C\u00e1mara de Senadores sesionar\u00e1 el jueves y armar\u00e1 as\u00ed la previa del acto en respaldo al candidato presidencial de Uni\u00f3n por la Patria y ministro de Econom\u00eda, Sergio Massa, que impulsan la CGT y los movimientos sociales el viernes en la Plaza de los Dos Congresos.<\/p>\n<p>Entre los temas que ser\u00e1n tratados est\u00e1n Impuesto a las Ganancias, alquileres, pliegos de jueces, la creaci\u00f3n de cinco universidades p\u00fablicas, ingreso de tropas y monotech, entre otros.<\/p>\n<p>La m\u00e1s importante es la iniciativa enviada por el ministro de Econom\u00eda que reforma el Impuesto a las Ganancias al crear un nuevo piso sobre los ingresos a partir de un monto equivalente a 15 salarios m\u00ednimos, vitales y m\u00f3viles (SMVM), con una al\u00edcuota progresiva sobre el excedente que va del 27% al 35%, que se actualizar\u00e1 de manera semestral en base a la evoluci\u00f3n del SMVM.<\/p>\n<p>Ganancias es uno de las razones del acto de Massa con la CGT.\u00a0 En la c\u00e1mara Alta esperan una sesi\u00f3n extensa y creen que concluir\u00e1 en la madrugada del viernes, la convocatoria de organizaciones sociales es el viernes a las 14.<\/p>\n<p>El oficialismo conf\u00eda en alcanzar el qu\u00f3rum y la votaci\u00f3n. Hoy tiene 31 asientos y para llegar a los 37 depende de varios aliados, por ahora, est\u00e1n confirmados Alberto Weretilneck, Magdalena Solari Quintana y Clara Vega. Mientras que se cree que\u00a0 Edgardo Kueider, Carlos &#8220;Camau&#8221; Esp\u00ednola, Guillermo Snopek y Mar\u00eda Eugenia Catalfamo tambi\u00e9n estar\u00e1n a favor.<\/p>\n<p>Adem\u00e1s, se tratar\u00e1 la creaci\u00f3n de cinco universidades p\u00fablicas que gener\u00f3 pol\u00e9mica puertas adentro de Juntos por el Cambio, cuando tuvo que votarse con Ganancias luego de que los legisladores radicales decidier\u00e1n bajar al recinto dando el quor\u00fam que permiti\u00f3 la votaci\u00f3n de ambos proyectos. Algo que molest\u00f3 fuertemente al PRO, el expresidente Mauricio Macri lleg\u00f3 a advertirles a sus socios que &#8220;el populismo es muy contagioso&#8221;.<\/p>\n<p>Tambi\u00e9n se tratar\u00e1 la ley de alquileres. Hace dos semanas, en el Senado se llev\u00f3 a cabo en un plenario de las comisiones de Legislaci\u00f3n General y de Presupuesto y Hacienda y all\u00ed se unieron el Frente de Todos y el Bloque Federal y lograron dictamen de mayor\u00eda con reformas.<\/p>\n<p>El dictamen propuso sostener el plazo de alquiler de 3 a\u00f1os y modifica la actualizaci\u00f3n del precio llev\u00e1ndolo de un a\u00f1o (actualmente) a 6 meses por el \u00edndice \u201ccasa propia\u201d que toma el promedio m\u00e1s bajo entre los salarios y la inflaci\u00f3n. Y establece que el alquiler solo puede ser en moneda local. Adem\u00e1s, elimina la posibilidad de que los rentistas puedan pedir meses por adelantado. Sostiene la obligatoriedad de registrar los contratos de alquiler en AFIP. E incorpora exenciones impositivas a los rentistas de hasta 2 propiedades. Si se aprueba, va a Diputados. Y si pasa en la c\u00e1mara baja, ser\u00e1 ley con estas modificaciones. Igualmente tambi\u00e9n se tratar\u00e1 el proyecto de la oposici\u00f3n.<\/p>\n<p>Sin embargo, el primer tema que se tratar\u00e1 en la sesi\u00f3n del jueves es la designaci\u00f3n de 75 funcionarios en el Poder Judicial, entre los que figuran la camarista Ana Mar\u00eda Figueroa, desplazada de su puesto por una decisi\u00f3n de la Corte Suprema de Justicia tras cumplir su edad jubilatoria. Si se aprueba su pliego, se avecinar\u00e1 una batalla legal para que vuelva a su lugar en la C\u00e1mara Federal de Casaci\u00f3n Penal.<\/p>\n","protected":false},"excerpt":{"rendered":"<p>En la previa al acto de la CGT en respaldo al candidato presidencial de Uni\u00f3n por la Patria, Sergio Massa, la C\u00e1mara alta realiza una sesi\u00f3n marat\u00f3nica durante la madrugada del viernes para tratar proyectos claves y aprobar un nuevo paquete de leyes &nbsp; &nbsp; La C\u00e1mara de Senadores sesionar\u00e1 el jueves y armar\u00e1 as\u00ed la previa del acto en respaldo al candidato presidencial de Uni\u00f3n por la Patria y ministro de Econom\u00eda, Sergio Massa, que impulsan la CGT y los movimientos sociales el viernes en la Plaza de los&#8230;<\/p>\n","protected":false},"author":3,"featured_media":108661,"comment_status":"closed","ping_status":"closed","sticky":false,"template":"","format":"standard","meta":[],"categories":[18],"tags":[],"_links":{"self":[{"href":"https:\/\/www.actualidadadiario.com\/index.php\/wp-json\/wp\/v2\/posts\/108660"}],"collection":[{"href":"https:\/\/www.actualidadadiario.com\/index.php\/wp-json\/wp\/v2\/posts"}],"about":[{"href":"https:\/\/www.actualidadadiario.com\/index.php\/wp-json\/wp\/v2\/types\/post"}],"author":[{"embeddable":true,"href":"https:\/\/www.actualidadadiario.com\/index.php\/wp-json\/wp\/v2\/users\/3"}],"replies":[{"embeddable":true,"href":"https:\/\/www.actualidadadiario.com\/index.php\/wp-json\/wp\/v2\/comments?post=108660"}],"version-history":[{"count":1,"href":"https:\/\/www.actualidadadiario.com\/index.php\/wp-json\/wp\/v2\/posts\/108660\/revisions"}],"predecessor-version":[{"id":108662,"href":"https:\/\/www.actualidadadiario.com\/index.php\/wp-json\/wp\/v2\/posts\/108660\/revisions\/108662"}],"wp:featuredmedia":[{"embeddable":true,"href":"https:\/\/www.actualidadadiario.com\/index.php\/wp-json\/wp\/v2\/media\/108661"}],"wp:attachment":[{"href":"https:\/\/www.actualidadadiario.com\/index.php\/wp-json\/wp\/v2\/media?parent=108660"}],"wp:term":[{"taxonomy":"category","embeddable":true,"href":"https:\/\/www.actualidadadiario.com\/index.php\/wp-json\/wp\/v2\/categories?post=108660"},{"taxonomy":"post_tag","embeddable":true,"href":"https:\/\/www.actualidadadiario.com\/index.php\/wp-json\/wp\/v2\/tags?post=108660"}],"curies":[{"name":"wp","href":"https:\/\/api.w.org\/{rel}","templated":true}]}}