{"id":108657,"date":"2023-09-27T13:35:44","date_gmt":"2023-09-27T16:35:44","guid":{"rendered":"https:\/\/www.actualidadadiario.com\/?p=108657"},"modified":"2023-09-27T13:35:44","modified_gmt":"2023-09-27T16:35:44","slug":"el-elegido-de-javier-milei-para-el-bcra-revelo-soy-la-persona-que-menos-va-a-durar-en-su-cargo","status":"publish","type":"post","link":"https:\/\/www.actualidadadiario.com\/index.php\/2023\/09\/27\/el-elegido-de-javier-milei-para-el-bcra-revelo-soy-la-persona-que-menos-va-a-durar-en-su-cargo\/","title":{"rendered":"El elegido de Javier Milei para el BCRA revel\u00f3: \u201cSoy la persona que menos va a durar en su cargo&#8221;"},"content":{"rendered":"<p style=\"text-align: center;\"><em><strong>Emilio Ocampo dijo: &#8220;Javier me pidi\u00f3 que me vaya del gobierno lo m\u00e1s r\u00e1pido posible. O sea, que cierre el Banco Central lo antes que se pueda&#8221;<\/strong><\/em><\/p>\n<p>&nbsp;<\/p>\n<p>&nbsp;<\/p>\n<p>El economista Emilio Ocampo, elegido por Javier Milei para hacerse cargo del Banco Central si el libertario llegara a la presidencia, este martes asegur\u00f3: \u201cSoy la persona que menos va a durar en su cargo\u201d.<\/p>\n<p>&#8220;Javier me pidi\u00f3 que me vaya del gobierno lo m\u00e1s r\u00e1pido posible. O sea, que cierre el Banco Central lo antes que se pueda. Soy la persona que supuestamente tiene que durar menos en su cargo&#8221;, sostuvo Ocampo.<\/p>\n<p>Fue en el marco del Bloomberg Economic Summit Argentina que se desarroll\u00f3 en el Museo de Arte Latinoamericano de Buenos Aires (Malba), donde tambi\u00e9n hablaron Carlos Melconian \u2014quien ser\u00eda ministro de Econom\u00eda si triunfara Patricia Bullrich\u2014 y Alejandro Lew, CFO de YPF.<\/p>\n<p>&#8220;Emilio Ocampo va a ser el presidente del Banco Central y lo va a cerrar&#8221;, hab\u00eda anticipado Milei en un acto realizado el viernes pasado en Parque Norte, que le organiz\u00f3 el jefe del gremio de los gastron\u00f3micos, Luis Barrionuevo.<\/p>\n<p>All\u00ed tambi\u00e9n anunci\u00f3 que tiene definidos a sus ocho ministros, pero \u201cfalta que Victoria (Villarruel) defina a los dos suyos en Seguridad y Defensa\u201d. Respecto a su proyecto de dolarizaci\u00f3n, afirm\u00f3 que hay &#8220;cinco fondos de inversi\u00f3n interesados&#8221; en apoyarlo y que uno de ellos es Bank of America.<\/p>\n<p>Milei le dijo a Ocampo: \u201cLa historia te va a recordar porque terminaste de asesinar a la inflaci\u00f3n en Argentina\u201d. Tambi\u00e9n consider\u00f3 que &#8220;la locura no es querer cerrar el Banco Central, sino tenerlo&#8221;, anunci\u00f3 que su espaci\u00f3 &#8220;sabe qu\u00e9 hacer, c\u00f3mo y tiene el coraje&#8221;, y reiter\u00f3 que &#8220;la casta pol\u00edtica debe pagar el costo para que Argentina salga adelante&#8221;.<\/p>\n<p>Por su parte, Ocampo aclar\u00f3 que La Libertad Avanza no propone eliminar el peso, sino &#8220;darle a los argentinos la opci\u00f3n de elegir cu\u00e1l moneda quieren usar. Si quieren usar el d\u00f3lar bien, u otra moneda&#8221;.<\/p>\n<p>Sin dar precisiones de c\u00f3mo llevar\u00e1 adelante la dolarizaci\u00f3n y el cierre del Banco Central, asegur\u00f3: &#8220;Pretendemos que el d\u00f3lar tenga curso legal, que el d\u00f3lar pueda circular libremente. Que no solo lo podamos utilizar para comprar propiedades y obras de arte&#8221;, dijo.<\/p>\n<p>&#8220;Hay quienes objetan la dolarizaci\u00f3n, y est\u00e1 muy bien objetar la dolarizaci\u00f3n. Quienes la quieran objetar, que propongan una alternativa superadora, que no me vengan con modelos ideales donde tenemos un Banco Central, esa es la falacia&#8221;, dispar\u00f3 el economista.<\/p>\n<p>&nbsp;<\/p>\n<p><strong>El discurso de Emilio Ocampo en el Malba <\/strong><\/p>\n<p>En su exposici\u00f3n, Ocampo lament\u00f3 la &#8220;incapacidad colectiva de aprendizaje&#8221; de los argentinos y subray\u00f3 que entre 1945 y 1991, 47 a\u00f1os, el pa\u00eds que tuvo m\u00e1s a\u00f1os con una tasa de inflaci\u00f3n superior al 10% fue la Argentina, junto con Brasil y Chile.<\/p>\n<p>&#8220;El pa\u00eds tuvo 43 a\u00f1os, de esos 47, con una tasa promedio anual superior al 10%. Luego, en los 90, estuvo entre los que menos escalada de los precios tuvo, para retomar la senda alcista de 22 a\u00f1os a la fecha, y per\u00edodo en el que hasta las naciones m\u00e1s recalcitrantes, los pa\u00edses m\u00e1s apegados al impuesto inflacionario, lograron bajar la inflaci\u00f3n&#8221;.<\/p>\n<p>&#8220;Todos nuestros vecinos lograron corregir sus problemas y nosotros ac\u00e1 estamos, bordeando el 150% anual. En el grupo de los pa\u00edses inflacionarios hay Estados fallidos, o que est\u00e1n en guerra civil o teocracias&#8221;, grafic\u00f3. Alert\u00f3, adem\u00e1s, que &#8220;el origen del mal inflacionario es el descontrol de las cuentas p\u00fablicas&#8221;.<\/p>\n<p>El economista asegur\u00f3 que el pa\u00eds est\u00e1 en una situaci\u00f3n muy similar a la de 1989, cuando la sociedad pidi\u00f3 un cambio. &#8220;El modelo de los \u00faltimos 20 a\u00f1os est\u00e1 completamente agotado y hay que reemplazarlo&#8221;, asegur\u00f3.<\/p>\n<p>&#8220;Tenemos que tener algo que la gente crea que los pol\u00edticos no van a poder cambiar r\u00e1pidamente. Y esta es la esencia de una de las propuestas de Libertad Avanza&#8221;, destac\u00f3 Ocampo.<\/p>\n","protected":false},"excerpt":{"rendered":"<p>Emilio Ocampo dijo: &#8220;Javier me pidi\u00f3 que me vaya del gobierno lo m\u00e1s r\u00e1pido posible. O sea, que cierre el Banco Central lo antes que se pueda&#8221; &nbsp; &nbsp; El economista Emilio Ocampo, elegido por Javier Milei para hacerse cargo del Banco Central si el libertario llegara a la presidencia, este martes asegur\u00f3: \u201cSoy la persona que menos va a durar en su cargo\u201d. &#8220;Javier me pidi\u00f3 que me vaya del gobierno lo m\u00e1s r\u00e1pido posible. O sea, que cierre el Banco Central lo antes que se pueda. Soy la&#8230;<\/p>\n","protected":false},"author":3,"featured_media":108658,"comment_status":"closed","ping_status":"closed","sticky":false,"template":"","format":"standard","meta":[],"categories":[18],"tags":[],"_links":{"self":[{"href":"https:\/\/www.actualidadadiario.com\/index.php\/wp-json\/wp\/v2\/posts\/108657"}],"collection":[{"href":"https:\/\/www.actualidadadiario.com\/index.php\/wp-json\/wp\/v2\/posts"}],"about":[{"href":"https:\/\/www.actualidadadiario.com\/index.php\/wp-json\/wp\/v2\/types\/post"}],"author":[{"embeddable":true,"href":"https:\/\/www.actualidadadiario.com\/index.php\/wp-json\/wp\/v2\/users\/3"}],"replies":[{"embeddable":true,"href":"https:\/\/www.actualidadadiario.com\/index.php\/wp-json\/wp\/v2\/comments?post=108657"}],"version-history":[{"count":1,"href":"https:\/\/www.actualidadadiario.com\/index.php\/wp-json\/wp\/v2\/posts\/108657\/revisions"}],"predecessor-version":[{"id":108659,"href":"https:\/\/www.actualidadadiario.com\/index.php\/wp-json\/wp\/v2\/posts\/108657\/revisions\/108659"}],"wp:featuredmedia":[{"embeddable":true,"href":"https:\/\/www.actualidadadiario.com\/index.php\/wp-json\/wp\/v2\/media\/108658"}],"wp:attachment":[{"href":"https:\/\/www.actualidadadiario.com\/index.php\/wp-json\/wp\/v2\/media?parent=108657"}],"wp:term":[{"taxonomy":"category","embeddable":true,"href":"https:\/\/www.actualidadadiario.com\/index.php\/wp-json\/wp\/v2\/categories?post=108657"},{"taxonomy":"post_tag","embeddable":true,"href":"https:\/\/www.actualidadadiario.com\/index.php\/wp-json\/wp\/v2\/tags?post=108657"}],"curies":[{"name":"wp","href":"https:\/\/api.w.org\/{rel}","templated":true}]}}