{"id":108654,"date":"2023-09-27T13:34:33","date_gmt":"2023-09-27T16:34:33","guid":{"rendered":"https:\/\/www.actualidadadiario.com\/?p=108654"},"modified":"2023-09-27T13:34:33","modified_gmt":"2023-09-27T16:34:33","slug":"el-consejo-del-salario-fijara-este-miercoles-el-nuevo-valor-del-haber-minimo","status":"publish","type":"post","link":"https:\/\/www.actualidadadiario.com\/index.php\/2023\/09\/27\/el-consejo-del-salario-fijara-este-miercoles-el-nuevo-valor-del-haber-minimo\/","title":{"rendered":"El Consejo del Salario fijar\u00e1 este mi\u00e9rcoles el nuevo valor del haber m\u00ednimo"},"content":{"rendered":"<p style=\"text-align: center;\"><em><strong>Sesionar\u00e1n por videoconferencia las centrales obreras, empresarios y funcionarios del ministerio de Trabajo. El Gobierno asume que habr\u00e1 nuevas actualizaciones del haber m\u00ednimo en las pr\u00f3ximas semanas<\/strong><\/em><\/p>\n<p>&nbsp;<\/p>\n<p>&nbsp;<\/p>\n<p>Con el valor agregado de que el nuevo haber m\u00ednimo pueda fijar el M\u00ednimo No Imponible (MNI) para salarios superiores a $2.000.000, el Consejo Nacional del Salario sesionar\u00e1 este mi\u00e9rcoles por videoconferencia. Las tres centrales obreras y las c\u00e1maras empresarias debatir\u00e1n con los funcionarios del Ministerio de Trabajo el nuevo valor del Salario M\u00ednimo, Vital y M\u00f3vil (SMVM) y de los fondos m\u00ednimos y m\u00e1ximos por desempleo como tambi\u00e9n de otras prestaciones sociales.<\/p>\n<p>La convocatoria estaba prevista para mediados de octubre pero, como anticip\u00f3 BAE Negocios, se anticip\u00f3 bajo la din\u00e1mica de las medidas econ\u00f3micas que desarrolla el Gobierno en las semanas previas a las elecciones generales.<\/p>\n<p>Incluso la titular de la cartera laboral, Kelly Olmos, no descart\u00f3 que pueda haber otras revisiones en las pr\u00f3ximas semanas para el SMVM. En las centrales obreras estiman que la Paritaria Nacional Docente (PND) puede ser una referencia de los n\u00fameros que se discutan para definir el nuevo haber m\u00ednimo, hoy en $118.000. La discusi\u00f3n colectiva salarial de maestros y profesores es una de las pocas mesas que super\u00f3 la inflaci\u00f3n interanual, estiman los sindicalistas. Sobre n\u00fameros de referencia la PND logr\u00f3 un aumento que llev\u00f3 el ingreso inicial a $200.000 para el corriente, a $220.000 en octubre y a $250.000 en diciembre.<\/p>\n<p>El CNS est\u00e1 integrado por 16 dirigentes gremiales y otros 16 empresarios quienes deliberar\u00e1n en sesi\u00f3n plenaria a partir de las 16 por plataforma virtual; media hora despu\u00e9s habr\u00e1 una segunda reuni\u00f3n y antes las partes analizar\u00e1n los temas elevados al plenario sobre el piso salarial y las prestaciones por desempleo para determinar ese haber en el contexto de la Ley 24.013.<\/p>\n<p>&nbsp;<\/p>\n<p><strong>Nos volveremos a ver<\/strong><\/p>\n<p>En su \u00faltima reuni\u00f3n del 13 de julio el CNS modific\u00f3 el SMVM por 30 votos a favor, 1 en contra de la CTA Aut\u00f3noma y la abstenci\u00f3n de la CTA de los Trabajadores. All\u00ed se aprob\u00f3 un aument\u00f3 a $105.500 para ese mes, a $112.500 en agosto llegando a $118.000 para el corriente. Una deliberaci\u00f3n que la ministra Olmos defini\u00f3 como intensa pero que arrib\u00f3 al acuerdo &#8220;con un mecanismo de negociaci\u00f3n tripartito que permite en esta gesti\u00f3n la absoluta continuidad para avanzar en su fortalecimiento, junto con las paritarias y los convenios colectivos de trabajo instituciones que favorecen la paz social&#8221;.<\/p>\n<p>Olmos en declaraciones period\u00edsticas no descart\u00f3 que pueda ser tomada la PND como referencia para actualizar el SMVM al tiempo que resalt\u00f3 que podr\u00e1 haber nuevas convocatorias del Consejo Salarial en las semanas por venir. &#8220;La perspectiva es prever el incremento del salario m\u00ednimo para los meses de octubre y noviembre y, probablemente, tambi\u00e9n para diciembre&#8221;, dijo la funcionaria para aceptar tambi\u00e9n que el haber m\u00ednimo ha ido perdiendo valor adquisitivo ante la inflaci\u00f3n sostenida con rigor desde marzo de 2022.<\/p>\n","protected":false},"excerpt":{"rendered":"<p>Sesionar\u00e1n por videoconferencia las centrales obreras, empresarios y funcionarios del ministerio de Trabajo. El Gobierno asume que habr\u00e1 nuevas actualizaciones del haber m\u00ednimo en las pr\u00f3ximas semanas &nbsp; &nbsp; Con el valor agregado de que el nuevo haber m\u00ednimo pueda fijar el M\u00ednimo No Imponible (MNI) para salarios superiores a $2.000.000, el Consejo Nacional del Salario sesionar\u00e1 este mi\u00e9rcoles por videoconferencia. Las tres centrales obreras y las c\u00e1maras empresarias debatir\u00e1n con los funcionarios del Ministerio de Trabajo el nuevo valor del Salario M\u00ednimo, Vital y M\u00f3vil (SMVM) y de los&#8230;<\/p>\n","protected":false},"author":3,"featured_media":108655,"comment_status":"closed","ping_status":"closed","sticky":false,"template":"","format":"standard","meta":[],"categories":[18],"tags":[],"_links":{"self":[{"href":"https:\/\/www.actualidadadiario.com\/index.php\/wp-json\/wp\/v2\/posts\/108654"}],"collection":[{"href":"https:\/\/www.actualidadadiario.com\/index.php\/wp-json\/wp\/v2\/posts"}],"about":[{"href":"https:\/\/www.actualidadadiario.com\/index.php\/wp-json\/wp\/v2\/types\/post"}],"author":[{"embeddable":true,"href":"https:\/\/www.actualidadadiario.com\/index.php\/wp-json\/wp\/v2\/users\/3"}],"replies":[{"embeddable":true,"href":"https:\/\/www.actualidadadiario.com\/index.php\/wp-json\/wp\/v2\/comments?post=108654"}],"version-history":[{"count":1,"href":"https:\/\/www.actualidadadiario.com\/index.php\/wp-json\/wp\/v2\/posts\/108654\/revisions"}],"predecessor-version":[{"id":108656,"href":"https:\/\/www.actualidadadiario.com\/index.php\/wp-json\/wp\/v2\/posts\/108654\/revisions\/108656"}],"wp:featuredmedia":[{"embeddable":true,"href":"https:\/\/www.actualidadadiario.com\/index.php\/wp-json\/wp\/v2\/media\/108655"}],"wp:attachment":[{"href":"https:\/\/www.actualidadadiario.com\/index.php\/wp-json\/wp\/v2\/media?parent=108654"}],"wp:term":[{"taxonomy":"category","embeddable":true,"href":"https:\/\/www.actualidadadiario.com\/index.php\/wp-json\/wp\/v2\/categories?post=108654"},{"taxonomy":"post_tag","embeddable":true,"href":"https:\/\/www.actualidadadiario.com\/index.php\/wp-json\/wp\/v2\/tags?post=108654"}],"curies":[{"name":"wp","href":"https:\/\/api.w.org\/{rel}","templated":true}]}}