{"id":10865,"date":"2017-05-02T09:50:27","date_gmt":"2017-05-02T12:50:27","guid":{"rendered":"http:\/\/actualidadadiario.com\/site\/?p=10865"},"modified":"2017-05-02T09:50:27","modified_gmt":"2017-05-02T12:50:27","slug":"respaldo-al-inicio-del-dialogo-en-venezuela","status":"publish","type":"post","link":"https:\/\/www.actualidadadiario.com\/index.php\/2017\/05\/02\/respaldo-al-inicio-del-dialogo-en-venezuela\/","title":{"rendered":"Respaldo al inicio del di\u00e1logo en Venezuela"},"content":{"rendered":"<p><em><strong>Los gobiernos de ocho pa\u00edses de Am\u00e9rica latina, entre ellos Argentina, adhirieron a declaraciones del papa Francisco, quien sostuvo la necesidad de contar con &#8220;condiciones muy claras&#8221; para restablecer el di\u00e1logo entre el gobierno y la oposici\u00f3n en Venezuela<\/strong><\/em><\/p>\n<p>&nbsp;<\/p>\n<p>&nbsp;<\/p>\n<p>&nbsp;<\/p>\n<p>&nbsp;<\/p>\n<p>&#8220;Los gobiernos de la Argentina, Brasil, Chile, Colombia, Costa Rica, Paraguay, Per\u00fa y Uruguay adherimos a las expresiones de Su Santidad el papa Francisco, realizadas en las \u00faltimas horas, en relaci\u00f3n con la situaci\u00f3n que vive Venezuela&#8221;, indic\u00f3 una declaraci\u00f3n de las canciller\u00edas de varios de esos pa\u00edses.<\/p>\n<p>&nbsp;<\/p>\n<p>El documento subray\u00f3 que, &#8220;como lo ha se\u00f1alado el sumo pont\u00edfice, es imprescindible contar con \u0091condiciones muy claras\u0092 para una salida negociada a la crisis pol\u00edtica, econ\u00f3mica y humanitaria en dicho pa\u00eds hermano&#8221;.<\/p>\n","protected":false},"excerpt":{"rendered":"<p>Los gobiernos de ocho pa\u00edses de Am\u00e9rica latina, entre ellos Argentina, adhirieron a declaraciones del papa Francisco, quien sostuvo la necesidad de contar con &#8220;condiciones muy claras&#8221; para restablecer el di\u00e1logo entre el gobierno y la oposici\u00f3n en Venezuela &nbsp; &nbsp; &nbsp; &nbsp; &#8220;Los gobiernos de la Argentina, Brasil, Chile, Colombia, Costa Rica, Paraguay, Per\u00fa y Uruguay adherimos a las expresiones de Su Santidad el papa Francisco, realizadas en las \u00faltimas horas, en relaci\u00f3n con la situaci\u00f3n que vive Venezuela&#8221;, indic\u00f3 una declaraci\u00f3n de las canciller\u00edas de varios de esos&#8230;<\/p>\n","protected":false},"author":3,"featured_media":10866,"comment_status":"closed","ping_status":"closed","sticky":false,"template":"","format":"standard","meta":[],"categories":[4],"tags":[],"_links":{"self":[{"href":"https:\/\/www.actualidadadiario.com\/index.php\/wp-json\/wp\/v2\/posts\/10865"}],"collection":[{"href":"https:\/\/www.actualidadadiario.com\/index.php\/wp-json\/wp\/v2\/posts"}],"about":[{"href":"https:\/\/www.actualidadadiario.com\/index.php\/wp-json\/wp\/v2\/types\/post"}],"author":[{"embeddable":true,"href":"https:\/\/www.actualidadadiario.com\/index.php\/wp-json\/wp\/v2\/users\/3"}],"replies":[{"embeddable":true,"href":"https:\/\/www.actualidadadiario.com\/index.php\/wp-json\/wp\/v2\/comments?post=10865"}],"version-history":[{"count":1,"href":"https:\/\/www.actualidadadiario.com\/index.php\/wp-json\/wp\/v2\/posts\/10865\/revisions"}],"predecessor-version":[{"id":10867,"href":"https:\/\/www.actualidadadiario.com\/index.php\/wp-json\/wp\/v2\/posts\/10865\/revisions\/10867"}],"wp:featuredmedia":[{"embeddable":true,"href":"https:\/\/www.actualidadadiario.com\/index.php\/wp-json\/wp\/v2\/media\/10866"}],"wp:attachment":[{"href":"https:\/\/www.actualidadadiario.com\/index.php\/wp-json\/wp\/v2\/media?parent=10865"}],"wp:term":[{"taxonomy":"category","embeddable":true,"href":"https:\/\/www.actualidadadiario.com\/index.php\/wp-json\/wp\/v2\/categories?post=10865"},{"taxonomy":"post_tag","embeddable":true,"href":"https:\/\/www.actualidadadiario.com\/index.php\/wp-json\/wp\/v2\/tags?post=10865"}],"curies":[{"name":"wp","href":"https:\/\/api.w.org\/{rel}","templated":true}]}}