{"id":108649,"date":"2023-09-27T13:25:47","date_gmt":"2023-09-27T16:25:47","guid":{"rendered":"https:\/\/www.actualidadadiario.com\/?p=108649"},"modified":"2023-09-27T13:25:47","modified_gmt":"2023-09-27T16:25:47","slug":"para-macri-no-existe-la-posibilidad-de-balotaje-entre-massa-y-milei","status":"publish","type":"post","link":"https:\/\/www.actualidadadiario.com\/index.php\/2023\/09\/27\/para-macri-no-existe-la-posibilidad-de-balotaje-entre-massa-y-milei\/","title":{"rendered":"Para Macri, &#8220;no existe la posibilidad de balotaje entre Massa y Milei&#8221;"},"content":{"rendered":"<p style=\"text-align: center;\"><em><strong>El expresidente acus\u00f3 al ministro de Econom\u00eda y candidato de Uni\u00f3n por la Patria de &#8220;mentiroso&#8221; y &#8220;manipulador&#8221;, y asegur\u00f3 que Juntos por el Cambio gobernar\u00e1 el pa\u00eds<\/strong><\/em><\/p>\n<p>&nbsp;<\/p>\n<p>&nbsp;<\/p>\n<p>El expresidente Mauricio Macri desestim\u00f3 la posibilidad de un balotaje entre el ministro de Econom\u00eda y candidato de Uni\u00f3n por la Patria, Sergio Massa, y el libertario Javier Milei y asegur\u00f3 que Juntos por el Cambio ganar\u00e1 la elecciones. Seg\u00fan sostuvo, &#8220;no existe la posibilidad de que suceda&#8221; una segunda vuelta entre el oficialismo y los libertarios.<\/p>\n<p>&#8220;No hay l\u00f3gica que Massa saque la misma cantidad de votos que en la PASO. Deber\u00eda sacar menos porque cruje la econom\u00eda familiar de todo el mundo&#8221;, remarc\u00f3 en una entrevista al canal de televisi\u00f3n Todo Noticias, y agreg\u00f3: &#8220;Esta inflaci\u00f3n no lo ve\u00edamos desde hace d\u00e9cadas. Que explique el genio de Massa c\u00f3mo lo hizo&#8221;.<\/p>\n<p>El exmandatario que no escatim\u00f3 en cr\u00edticas, revel\u00f3 adem\u00e1s un supuesto di\u00e1logo en el que le presagi\u00f3 al titular del Palacio de Hacienda, en 2016, que ser\u00eda presidente por el peronismo, en el marco del viaje compartido al Foro de Davos tras la ruptura del tigrense con el kirchnerismo.<\/p>\n<p>&#8220;Cuando lo llev\u00e9 a Davos, en 2016, y le dije que iba a ser presidente por el peronismo, pero que para eso deber\u00eda ser cre\u00edble. Me pregunt\u00f3 c\u00f3mo hac\u00eda eso, y le dije que cumpliendo con su palabra aun cuando no le convenga&#8221;, confes\u00f3.<\/p>\n<p>A menos de un mes de las elecciones generales del 22 de octubre, Macri consider\u00f3 que el pa\u00eds se acerca a una hiperinflaci\u00f3n debido a las medidas econ\u00f3micas adoptadas en los \u00faltimos d\u00edas, por lo que calific\u00f3 a Massa como &#8220;un irresponsable, un c\u00ednico&#8221; y &#8220;un perverso&#8221; que &#8220;en cada esquina va sumando una mentira&#8221;.<\/p>\n<p>&#8220;Lo peor vino con este Gobierno, bati\u00f3 todos los r\u00e9cords de la historia de endeudamiento. Massa est\u00e1 endeudando la Argentina para controlar el contado con l\u00edqui. Con esa capacidad de enga\u00f1ar, le sac\u00f3 m\u00e1s plata al FMI&#8221;, se despach\u00f3 al tiempo que asegur\u00f3 que Patricia Bullrich ser\u00e1 la encargada de ordenar las cuentas del pa\u00eds.<\/p>\n<p>Asimismo, opin\u00f3 que el gobierno de Alberto Fern\u00e1ndez y Cristina Kirchner fue &#8220;el peor gobierno de la historia&#8221; al acusarlos de destruir la pol\u00edtica exterior, aislar al pa\u00eds y &#8220;pelear con Uruguay, Paraguay y Chile; somos el hazmerre\u00edr del mundo\u201d, continu\u00f3.<\/p>\n<p>&#8220;Y todav\u00eda falta el cepo, porque todos sabemos que no hay d\u00f3lares en el Banco Central, y cuando esto se unifique en alg\u00fan lugar, con la confianza que va a despertar Patricia Bullrich con su gobierno, ser\u00e1 un poco debajo del paralelo de hoy, pero ser\u00e1 en el doble de lo que est\u00e1 hoy&#8221;, complet\u00f3.<\/p>\n<p>En la misma l\u00ednea, enfatiz\u00f3 en las cr\u00edticas hacia el ministro: \u201cDe ac\u00e1 a que entreguen el gobierno no s\u00e9 c\u00f3mo van a hacer. Massa regala todos los d\u00edas algo que no tiene, va a seguir imprimiendo billetes que es la causante de la inflaci\u00f3n\u201d.<\/p>\n<p>En otro pasaje de la entrevista, Macri plante\u00f3 que si Juntos por el Cambio y los libertarios pasan a segunda vuelta \u201cva a haber un respiro\u201d y anticip\u00f3: \u201cPosiblemente vamos a gobernar nosotros, hay un respaldo del mundo a muchos de los dirigentes que estamos en Juntos por el Cambio\u201d.<\/p>\n<p>Por \u00faltimo volvi\u00f3 a destacar que Javier Milei comparte \u201clos puntos de contacto con ideas como la libertad, la cual vengo predicando desde hace 20 a\u00f1os\u201d, pero que cuestion\u00f3 su \u201cintolerancia a la cr\u00edtica\u201d, algo que cont\u00f3 le aconsej\u00f3 por tel\u00e9fono. \u201cMilei me escucha, se r\u00ede, pero se ve que mucha bola no me da\u201d, concluy\u00f3.<\/p>\n","protected":false},"excerpt":{"rendered":"<p>El expresidente acus\u00f3 al ministro de Econom\u00eda y candidato de Uni\u00f3n por la Patria de &#8220;mentiroso&#8221; y &#8220;manipulador&#8221;, y asegur\u00f3 que Juntos por el Cambio gobernar\u00e1 el pa\u00eds &nbsp; &nbsp; El expresidente Mauricio Macri desestim\u00f3 la posibilidad de un balotaje entre el ministro de Econom\u00eda y candidato de Uni\u00f3n por la Patria, Sergio Massa, y el libertario Javier Milei y asegur\u00f3 que Juntos por el Cambio ganar\u00e1 la elecciones. Seg\u00fan sostuvo, &#8220;no existe la posibilidad de que suceda&#8221; una segunda vuelta entre el oficialismo y los libertarios. &#8220;No hay l\u00f3gica&#8230;<\/p>\n","protected":false},"author":3,"featured_media":107829,"comment_status":"closed","ping_status":"closed","sticky":false,"template":"","format":"standard","meta":[],"categories":[18],"tags":[],"_links":{"self":[{"href":"https:\/\/www.actualidadadiario.com\/index.php\/wp-json\/wp\/v2\/posts\/108649"}],"collection":[{"href":"https:\/\/www.actualidadadiario.com\/index.php\/wp-json\/wp\/v2\/posts"}],"about":[{"href":"https:\/\/www.actualidadadiario.com\/index.php\/wp-json\/wp\/v2\/types\/post"}],"author":[{"embeddable":true,"href":"https:\/\/www.actualidadadiario.com\/index.php\/wp-json\/wp\/v2\/users\/3"}],"replies":[{"embeddable":true,"href":"https:\/\/www.actualidadadiario.com\/index.php\/wp-json\/wp\/v2\/comments?post=108649"}],"version-history":[{"count":1,"href":"https:\/\/www.actualidadadiario.com\/index.php\/wp-json\/wp\/v2\/posts\/108649\/revisions"}],"predecessor-version":[{"id":108650,"href":"https:\/\/www.actualidadadiario.com\/index.php\/wp-json\/wp\/v2\/posts\/108649\/revisions\/108650"}],"wp:featuredmedia":[{"embeddable":true,"href":"https:\/\/www.actualidadadiario.com\/index.php\/wp-json\/wp\/v2\/media\/107829"}],"wp:attachment":[{"href":"https:\/\/www.actualidadadiario.com\/index.php\/wp-json\/wp\/v2\/media?parent=108649"}],"wp:term":[{"taxonomy":"category","embeddable":true,"href":"https:\/\/www.actualidadadiario.com\/index.php\/wp-json\/wp\/v2\/categories?post=108649"},{"taxonomy":"post_tag","embeddable":true,"href":"https:\/\/www.actualidadadiario.com\/index.php\/wp-json\/wp\/v2\/tags?post=108649"}],"curies":[{"name":"wp","href":"https:\/\/api.w.org\/{rel}","templated":true}]}}