{"id":108647,"date":"2023-09-27T13:21:54","date_gmt":"2023-09-27T16:21:54","guid":{"rendered":"https:\/\/www.actualidadadiario.com\/?p=108647"},"modified":"2023-09-27T13:21:54","modified_gmt":"2023-09-27T16:21:54","slug":"elecciones-2023-rige-la-veda-para-actos-de-gobierno","status":"publish","type":"post","link":"https:\/\/www.actualidadadiario.com\/index.php\/2023\/09\/27\/elecciones-2023-rige-la-veda-para-actos-de-gobierno\/","title":{"rendered":"Elecciones 2023: Rige la veda para actos de Gobierno"},"content":{"rendered":"<p style=\"text-align: center;\"><em><strong>Desde este mi\u00e9rcoles, y seg\u00fan dispone el Cronograma dispuesto por la C\u00e1mara Nacional electoral, rige la veda para los actos de Gobierno. De esta manera, tanto el Poder Ejecutivo Nacional como las administraciones provinciales y municipales tienen prohibido realizar anuncios de gesti\u00f3n que puedan promover la captaci\u00f3n del voto<\/strong><\/em><\/p>\n<p>&nbsp;<\/p>\n<p>&nbsp;<\/p>\n<p>A partir de este mi\u00e9rcoles 27 de septiembre, y seg\u00fan consta en el Cronograma Electoral elaborado por la C\u00e1mara Nacional Electoral, comienza a regir la veda para actos de Gobierno.<\/p>\n<p>As\u00ed lo establece el art\u00edculo 64 del C\u00f3digo Electoral Nacional -Ley 19.945- que precisa que la prohibici\u00f3n debe comenzar a regir 25 d\u00edas antes de las Generales que se llevar\u00e1n a cabo el pr\u00f3ximo domingo 22 de octubre.<\/p>\n<p>De esta manera, tanto el Poder Ejecutivo Nacional como las administraciones provinciales y municipales tienen prohibido realizar anuncios de gesti\u00f3n que puedan promover la captaci\u00f3n del voto.<\/p>\n<p>Entre las prohibiciones est\u00e1, por ejemplo, la realizaci\u00f3n de actos inaugurales de obras p\u00fablicas y el lanzamiento o promoci\u00f3n de planes, proyectos o programas de alcance colectivo.<\/p>\n","protected":false},"excerpt":{"rendered":"<p>Desde este mi\u00e9rcoles, y seg\u00fan dispone el Cronograma dispuesto por la C\u00e1mara Nacional electoral, rige la veda para los actos de Gobierno. De esta manera, tanto el Poder Ejecutivo Nacional como las administraciones provinciales y municipales tienen prohibido realizar anuncios de gesti\u00f3n que puedan promover la captaci\u00f3n del voto &nbsp; &nbsp; A partir de este mi\u00e9rcoles 27 de septiembre, y seg\u00fan consta en el Cronograma Electoral elaborado por la C\u00e1mara Nacional Electoral, comienza a regir la veda para actos de Gobierno. As\u00ed lo establece el art\u00edculo 64 del C\u00f3digo Electoral&#8230;<\/p>\n","protected":false},"author":3,"featured_media":105020,"comment_status":"closed","ping_status":"closed","sticky":false,"template":"","format":"standard","meta":[],"categories":[9],"tags":[],"_links":{"self":[{"href":"https:\/\/www.actualidadadiario.com\/index.php\/wp-json\/wp\/v2\/posts\/108647"}],"collection":[{"href":"https:\/\/www.actualidadadiario.com\/index.php\/wp-json\/wp\/v2\/posts"}],"about":[{"href":"https:\/\/www.actualidadadiario.com\/index.php\/wp-json\/wp\/v2\/types\/post"}],"author":[{"embeddable":true,"href":"https:\/\/www.actualidadadiario.com\/index.php\/wp-json\/wp\/v2\/users\/3"}],"replies":[{"embeddable":true,"href":"https:\/\/www.actualidadadiario.com\/index.php\/wp-json\/wp\/v2\/comments?post=108647"}],"version-history":[{"count":1,"href":"https:\/\/www.actualidadadiario.com\/index.php\/wp-json\/wp\/v2\/posts\/108647\/revisions"}],"predecessor-version":[{"id":108648,"href":"https:\/\/www.actualidadadiario.com\/index.php\/wp-json\/wp\/v2\/posts\/108647\/revisions\/108648"}],"wp:featuredmedia":[{"embeddable":true,"href":"https:\/\/www.actualidadadiario.com\/index.php\/wp-json\/wp\/v2\/media\/105020"}],"wp:attachment":[{"href":"https:\/\/www.actualidadadiario.com\/index.php\/wp-json\/wp\/v2\/media?parent=108647"}],"wp:term":[{"taxonomy":"category","embeddable":true,"href":"https:\/\/www.actualidadadiario.com\/index.php\/wp-json\/wp\/v2\/categories?post=108647"},{"taxonomy":"post_tag","embeddable":true,"href":"https:\/\/www.actualidadadiario.com\/index.php\/wp-json\/wp\/v2\/tags?post=108647"}],"curies":[{"name":"wp","href":"https:\/\/api.w.org\/{rel}","templated":true}]}}