{"id":108642,"date":"2023-09-27T13:03:03","date_gmt":"2023-09-27T16:03:03","guid":{"rendered":"https:\/\/www.actualidadadiario.com\/?p=108642"},"modified":"2023-09-27T13:03:03","modified_gmt":"2023-09-27T16:03:03","slug":"el-indec-publica-el-indice-de-pobreza-del-primer-semestre-que-numero-que-se-espera","status":"publish","type":"post","link":"https:\/\/www.actualidadadiario.com\/index.php\/2023\/09\/27\/el-indec-publica-el-indice-de-pobreza-del-primer-semestre-que-numero-que-se-espera\/","title":{"rendered":"El INDEC publica el \u00edndice de pobreza del primer semestre: qu\u00e9 n\u00famero que se espera"},"content":{"rendered":"<p style=\"text-align: center;\"><em><strong>Este mi\u00e9rcoles, el mismo d\u00eda que comienza la prohibici\u00f3n de actos p\u00fablicos de gesti\u00f3n, el INDEC revelar\u00e1 el \u00edndice del primer semestre y el sector privado pronostica un piso del 40%<\/strong><\/em><\/p>\n<p>&nbsp;<\/p>\n<p>&nbsp;<\/p>\n<p>El Instituto Nacional de Estad\u00edstica y Censos (INDEC) tiene previsto publicar hoy en la tarde los datos relativos a la incidencia de la pobreza y la indigencia durante la primera mitad del a\u00f1o 2023, as\u00ed como el \u00cdndice de Salarios correspondiente a julio pasado.<\/p>\n<p>En el segundo semestre del a\u00f1o pasado, el \u00edndice de pobreza afect\u00f3 al 39,2% de la poblaci\u00f3n econ\u00f3micamente activa, superando el 37,3% registrado en el mismo per\u00edodo de 2021. Por otro lado, el \u00edndice de indigencia, que se refiere a la proporci\u00f3n de personas pobres cuyos ingresos no les permiten adquirir la cantidad m\u00ednima necesaria de alimentos para subsistir, se situ\u00f3 en el 8,1% entre julio y diciembre del a\u00f1o anterior, comparado con el 8,8% del mismo per\u00edodo en 2021.<\/p>\n<p>Es importante mencionar que estos datos se divulgan en pleno contexto de campa\u00f1a electoral, y lo mismo ocurrir\u00e1 con la informaci\u00f3n sobre la inflaci\u00f3n, que alcanz\u00f3 un m\u00e1ximo hist\u00f3rico en agosto y se espera que contin\u00fae en cifras elevadas en los pr\u00f3ximos meses.<\/p>\n<p>Aunque se anticipa un aumento en la tasa de pobreza con los datos que se revelar\u00e1n este mi\u00e9rcoles a las 16 horas, es crucial tener en cuenta que este per\u00edodo no incluye consideraciones sobre la medicaci\u00f3n, ni el impacto del pico inflacionario en agosto, ni la devaluaci\u00f3n avalada por el Ministerio de Econom\u00eda.<\/p>\n<p>&nbsp;<\/p>\n<p><strong>Qu\u00e9 anticipan las mediciones privadas <\/strong><\/p>\n<p>Informes de fuentes privadas, como el del Observatorio de la Deuda Social de la Universidad Cat\u00f3lica Argentina (UCA), anticipan que casi cuatro de cada diez argentinos se encuentran en situaci\u00f3n de pobreza, marcando el nivel m\u00e1s alto desde 2006. El Observatorio estima que la pobreza habr\u00eda alcanzado el 50% de la poblaci\u00f3n sin los programas sociales implementados por el Estado.<\/p>\n<p>A pesar de un incremento en la actividad econ\u00f3mica en los centros urbanos y la ca\u00edda del desempleo, los privados esperan una pobreza que roce el 40%, tres puntos m\u00e1s a comparaci\u00f3n del 36,5% del primer semestre.<\/p>\n<p>Seg\u00fan proyecciones del especialista Mart\u00edn Rozada, director de la Maestr\u00eda en Econometr\u00eda de la Universidad Torcuato Di Tella, realizadas en base a los datos de la Encuesta Permanente de Hogares y los valores de la canasta b\u00e1sica, el \u00edndice alcanzar\u00e1 m\u00e1s espec\u00edficamente el 40,1% de la poblaci\u00f3n argentina.<\/p>\n<p>Las estimaciones de Leopoldo Tornarolli, investigador del CEDLAS en materia de asuntos pobreza y desigualdad, oscilan en un n\u00famero similar: \u201cCasi seguro por encima de 40% pero por debajo de 41%. Mi estimaci\u00f3n (conservadora) ser\u00eda 40.3%\u201d.<\/p>\n<p>El especialista, adem\u00e1s, apunt\u00f3 a la crisis econ\u00f3mica y su impacto para la pobreza en el segundo semestre de 2023. \u201cEl efecto en la pobreza de devaluaci\u00f3n y nueva aceleraci\u00f3n de inflaci\u00f3n reci\u00e9n lo conoceremos en diciembre\u201d, se\u00f1al\u00f3.<\/p>\n<p>Desde 2015 a esta parte, la evoluci\u00f3n de la pobreza muestra un marcado aumento: durante la gesti\u00f3n de Mauricio Macri, el n\u00famero creci\u00f3 casi 10 puntos, llegando al 34,2% a comienzos de 2019 para volver a subir al 34,7% durante el inicio del Gobierno de Alberto Fern\u00e1ndez.<\/p>\n<p>Conforme a la Encuesta Permanente de Hogares (EPH) difundida por el organismo dirigido por Marco Lavagna en marzo de este a\u00f1o, la tasa de pobreza cerr\u00f3 la segunda mitad de 2022 en el 39,2%, afectando a 18.049.523 personas que viven en 4,4 millones de hogares. Adem\u00e1s, la indigencia se situ\u00f3 en el 8,1%, afectando a 3.729.620 personas.<\/p>\n","protected":false},"excerpt":{"rendered":"<p>Este mi\u00e9rcoles, el mismo d\u00eda que comienza la prohibici\u00f3n de actos p\u00fablicos de gesti\u00f3n, el INDEC revelar\u00e1 el \u00edndice del primer semestre y el sector privado pronostica un piso del 40% &nbsp; &nbsp; El Instituto Nacional de Estad\u00edstica y Censos (INDEC) tiene previsto publicar hoy en la tarde los datos relativos a la incidencia de la pobreza y la indigencia durante la primera mitad del a\u00f1o 2023, as\u00ed como el \u00cdndice de Salarios correspondiente a julio pasado. En el segundo semestre del a\u00f1o pasado, el \u00edndice de pobreza afect\u00f3 al&#8230;<\/p>\n","protected":false},"author":3,"featured_media":51253,"comment_status":"closed","ping_status":"closed","sticky":false,"template":"","format":"standard","meta":[],"categories":[2],"tags":[],"_links":{"self":[{"href":"https:\/\/www.actualidadadiario.com\/index.php\/wp-json\/wp\/v2\/posts\/108642"}],"collection":[{"href":"https:\/\/www.actualidadadiario.com\/index.php\/wp-json\/wp\/v2\/posts"}],"about":[{"href":"https:\/\/www.actualidadadiario.com\/index.php\/wp-json\/wp\/v2\/types\/post"}],"author":[{"embeddable":true,"href":"https:\/\/www.actualidadadiario.com\/index.php\/wp-json\/wp\/v2\/users\/3"}],"replies":[{"embeddable":true,"href":"https:\/\/www.actualidadadiario.com\/index.php\/wp-json\/wp\/v2\/comments?post=108642"}],"version-history":[{"count":2,"href":"https:\/\/www.actualidadadiario.com\/index.php\/wp-json\/wp\/v2\/posts\/108642\/revisions"}],"predecessor-version":[{"id":108644,"href":"https:\/\/www.actualidadadiario.com\/index.php\/wp-json\/wp\/v2\/posts\/108642\/revisions\/108644"}],"wp:featuredmedia":[{"embeddable":true,"href":"https:\/\/www.actualidadadiario.com\/index.php\/wp-json\/wp\/v2\/media\/51253"}],"wp:attachment":[{"href":"https:\/\/www.actualidadadiario.com\/index.php\/wp-json\/wp\/v2\/media?parent=108642"}],"wp:term":[{"taxonomy":"category","embeddable":true,"href":"https:\/\/www.actualidadadiario.com\/index.php\/wp-json\/wp\/v2\/categories?post=108642"},{"taxonomy":"post_tag","embeddable":true,"href":"https:\/\/www.actualidadadiario.com\/index.php\/wp-json\/wp\/v2\/tags?post=108642"}],"curies":[{"name":"wp","href":"https:\/\/api.w.org\/{rel}","templated":true}]}}