{"id":108636,"date":"2023-09-27T13:00:51","date_gmt":"2023-09-27T16:00:51","guid":{"rendered":"https:\/\/www.actualidadadiario.com\/?p=108636"},"modified":"2023-09-27T13:00:51","modified_gmt":"2023-09-27T16:00:51","slug":"trabajadores-informales-abre-la-inscripcion-para-los-refuerzos-de-ingresos","status":"publish","type":"post","link":"https:\/\/www.actualidadadiario.com\/index.php\/2023\/09\/27\/trabajadores-informales-abre-la-inscripcion-para-los-refuerzos-de-ingresos\/","title":{"rendered":"Trabajadores informales: abre la inscripci\u00f3n para los refuerzos de ingresos"},"content":{"rendered":"<p style=\"text-align: center;\"><em><strong>Las personas podr\u00e1n cargar la solicitud a trav\u00e9s del sitio de la Administraci\u00f3n Nacional de la Seguridad Social y de la aplicaci\u00f3n MI Anses. Qui\u00e9nes estar\u00e1n en condiciones de percibir el beneficio<\/strong><\/em><\/p>\n<p>&nbsp;<\/p>\n<p>&nbsp;<\/p>\n<p>La inscripci\u00f3n para acceder a los dos refuerzos de ingresos de $ 47.000 anunciados este martes por el ministro de Econom\u00eda, Sergio Massa, y la directora ejecutiva de la Administraci\u00f3n Nacional de la Seguridad Social (Anses), Fernanda Raverta, comenzar\u00e1 por la tarde en el sitio del organismo previsional.<\/p>\n<p>Los refuerzos, que se pagar\u00e1n en octubre y noviembre, est\u00e1n destinados a trabajadores informales de entre 18 y 64 a\u00f1os de edad que no cuenten con ingresos registrados y que no perciban asistencia econ\u00f3mica del Estado, como la Asignaci\u00f3n Universal por Hijo (AUH), las becas Progresar o el Potenciar Trabajo.<\/p>\n<p>Se trata de un sector de la poblaci\u00f3n que no hab\u00eda sido alcanzado por las medidas econ\u00f3micas dispuestas en las \u00faltimas semanas para atenuar el impacto de la devaluaci\u00f3n impuesta por el FMI.<\/p>\n<p>&nbsp;<\/p>\n<p><strong>La inscripci\u00f3n<\/strong><\/p>\n<p>La inscripci\u00f3n comenzar\u00e1 a las 14 y permanecer\u00e1 abierta durante todo octubre y se podr\u00e1 realizar exclusivamente a trav\u00e9s de la p\u00e1gina web www.anses.gob.ar o de la aplicaci\u00f3n Mi Anses, todos los d\u00edas de 14 a 22.<\/p>\n<p>El primer pago de este refuerzo se realizar\u00e1 a partir del 9 de octubre. Para acceder al beneficio, las personas no deber\u00e1n tener trabajo registrado (relaci\u00f3n de dependencia, aut\u00f3nomos, monotributo, monotributo social y casas particulares); jubilaci\u00f3n o pensi\u00f3n; AUH, AUE, Asignaciones familiares o Progresar; planes sociales (por ejemplo, Potenciar Trabajo); ni prestaci\u00f3n por desempleo.<\/p>\n<p>&nbsp;<\/p>\n<p><strong>Qui\u00e9nes pueden cobrar el refuerzo<\/strong><\/p>\n<p>Los requisitos para solicitarlo son:<\/p>\n<p>-Tener entre 18 y 64 a\u00f1os<\/p>\n<p>-No tener ninguna prestaci\u00f3n o asistencia del Estado ni trabajo formal<\/p>\n<p>-No haber sido alcanzado con otras medidas anunciadas<\/p>\n<p>-Tener Clave de la Seguridad Social<\/p>\n<p>-Una cuenta bancaria (en caso de no tener, la persona tendr\u00e1 que ir al banco a tramitarla)<\/p>\n<p>-Qui\u00e9nes no podr\u00e1n cobrar el &#8220;nuevo IFE&#8221;<\/p>\n<p>-Trabajo registrado (relaci\u00f3n de dependencia, aut\u00f3nomos, monotributo, monotributo social y casas particulares).<\/p>\n<p>-Jubilaci\u00f3n o pensi\u00f3n.<\/p>\n<p>-AUH, AUE, Asignaciones familiares o Progresar.<\/p>\n<p>-Planes sociales (por ejemplo, Potenciar Trabajo).<\/p>\n<p>-Prestaci\u00f3n por desempleo.<\/p>\n<p>-Anses revisar\u00e1 a los solicitantes<\/p>\n<p>Pero adem\u00e1s, ANSES realizar\u00e1 una evaluaci\u00f3n socioecon\u00f3mica y patrimonial (consumo, bienes, cobertura de salud, etc.) de los solicitantes.<\/p>\n<p>&nbsp;<\/p>\n<p><strong>De d\u00f3nde salen los fondos <\/strong><\/p>\n<p>Massa destac\u00f3 que para que esta medida no afecte las cuentas p\u00fablicas y se mantenga el &#8220;orden fiscal&#8221;, se decidi\u00f3 &#8220;cobrarle un anticipo extraordinario de ganancias a aquellos sectores que fueron los grandes ganadores de la devaluaci\u00f3n impuesta por el FMI, centralmente bancos, compa\u00f1\u00edas financieras y compa\u00f1\u00edas de seguro que ser\u00e1n notificadas en el d\u00eda de ma\u00f1ana por la AFIP a los efectos de realizar el pago del anticipo de ganancias&#8221;.<\/p>\n<p>&#8220;Pretendemos de esta manera mantener el equilibrio en las cuentas p\u00fablicas, pero llegar a los sectores m\u00e1s vulnerables de nuestra sociedad, a los efectos de cuidar el ingreso de todas y todos los argentinos. Tenemos un objetivo; recuperar el ingreso para mejorar la calidad de vida de la gente y estas medidas van en el mismo sentido\u201d, expres\u00f3 Massa.<\/p>\n","protected":false},"excerpt":{"rendered":"<p>Las personas podr\u00e1n cargar la solicitud a trav\u00e9s del sitio de la Administraci\u00f3n Nacional de la Seguridad Social y de la aplicaci\u00f3n MI Anses. Qui\u00e9nes estar\u00e1n en condiciones de percibir el beneficio &nbsp; &nbsp; La inscripci\u00f3n para acceder a los dos refuerzos de ingresos de $ 47.000 anunciados este martes por el ministro de Econom\u00eda, Sergio Massa, y la directora ejecutiva de la Administraci\u00f3n Nacional de la Seguridad Social (Anses), Fernanda Raverta, comenzar\u00e1 por la tarde en el sitio del organismo previsional. Los refuerzos, que se pagar\u00e1n en octubre y&#8230;<\/p>\n","protected":false},"author":3,"featured_media":108637,"comment_status":"closed","ping_status":"closed","sticky":false,"template":"","format":"standard","meta":[],"categories":[2],"tags":[],"_links":{"self":[{"href":"https:\/\/www.actualidadadiario.com\/index.php\/wp-json\/wp\/v2\/posts\/108636"}],"collection":[{"href":"https:\/\/www.actualidadadiario.com\/index.php\/wp-json\/wp\/v2\/posts"}],"about":[{"href":"https:\/\/www.actualidadadiario.com\/index.php\/wp-json\/wp\/v2\/types\/post"}],"author":[{"embeddable":true,"href":"https:\/\/www.actualidadadiario.com\/index.php\/wp-json\/wp\/v2\/users\/3"}],"replies":[{"embeddable":true,"href":"https:\/\/www.actualidadadiario.com\/index.php\/wp-json\/wp\/v2\/comments?post=108636"}],"version-history":[{"count":1,"href":"https:\/\/www.actualidadadiario.com\/index.php\/wp-json\/wp\/v2\/posts\/108636\/revisions"}],"predecessor-version":[{"id":108638,"href":"https:\/\/www.actualidadadiario.com\/index.php\/wp-json\/wp\/v2\/posts\/108636\/revisions\/108638"}],"wp:featuredmedia":[{"embeddable":true,"href":"https:\/\/www.actualidadadiario.com\/index.php\/wp-json\/wp\/v2\/media\/108637"}],"wp:attachment":[{"href":"https:\/\/www.actualidadadiario.com\/index.php\/wp-json\/wp\/v2\/media?parent=108636"}],"wp:term":[{"taxonomy":"category","embeddable":true,"href":"https:\/\/www.actualidadadiario.com\/index.php\/wp-json\/wp\/v2\/categories?post=108636"},{"taxonomy":"post_tag","embeddable":true,"href":"https:\/\/www.actualidadadiario.com\/index.php\/wp-json\/wp\/v2\/tags?post=108636"}],"curies":[{"name":"wp","href":"https:\/\/api.w.org\/{rel}","templated":true}]}}