{"id":108621,"date":"2023-09-27T11:17:11","date_gmt":"2023-09-27T14:17:11","guid":{"rendered":"https:\/\/www.actualidadadiario.com\/?p=108621"},"modified":"2023-09-27T14:08:04","modified_gmt":"2023-09-27T17:08:04","slug":"la-camara-de-diputados-sesiona-este-miercoles-3","status":"publish","type":"post","link":"https:\/\/www.actualidadadiario.com\/index.php\/2023\/09\/27\/la-camara-de-diputados-sesiona-este-miercoles-3\/","title":{"rendered":"La C\u00e1mara de Diputados aprob\u00f3 la adhesi\u00f3n de Entre R\u00edos a la \u201cLey Lucio\u201d que busca prevenir el maltrato infantil"},"content":{"rendered":"<p style=\"text-align: center;\"><em><strong>Las y los diputados entrerrianos aprobaron el proyecto por el cual Entre R\u00edos adhiere a las disposiciones de la Ley Nacional 27709 conocida como \u201cLey Lucio\u201d, el ni\u00f1o de 5 a\u00f1os asesinado por su madre. \u201cEsta norma, como la Ley Micaela, nace de hechos atroces que nos interpelan como representantes del Estado y como sociedad\u201d, afirm\u00f3 Mariana Farf\u00e1n, autora de una de las iniciativas<\/strong><\/em><\/p>\n<p>&nbsp;<\/p>\n<p>&nbsp;<\/p>\n<p>En la sesi\u00f3n de este mi\u00e9rcoles la C\u00e1mara de Diputados aprob\u00f3 un proyecto unificado de la diputada Mariana Farf\u00e1n (PJ) y de Ayel\u00e9n Acosta (PRO) por el que Entre R\u00edos adhiere a la denominada Ley Lucio, que tiene por objeto la prevenci\u00f3n y detecci\u00f3n temprana de situaciones de vulneraci\u00f3n de los derechos de los ni\u00f1os, ni\u00f1as y adolescentes, a trav\u00e9s de la capacitaci\u00f3n de los funcionarios p\u00fablicos, la actuaci\u00f3n coordinada de los organismos intervinientes y la difusi\u00f3n de los indicadores de violencia y medios de denuncia eficaces para la protecci\u00f3n.<\/p>\n<p>La ley surge del doloroso caso de Lucio Dupuy, el menor de 5 a\u00f1os asesinado a golpes en La Pampa por su madre, Magdalena Esp\u00f3sito Valenti, y su pareja, Abigail P\u00e1ez.<\/p>\n<p>\u201cEsta norma, como la Ley Micaela, nace de hechos atroces que nos interpelan como representantes del Estado y como sociedad \u201c, se\u00f1al\u00f3 Farf\u00e1n y afirm\u00f3 que \u201ccrea una capacitaci\u00f3n federal para todos los poderes e invita a que puedan capacitarse otras instituciones\u201d, se\u00f1al\u00f3 Mariana Farf\u00e1n (PJ).<\/p>\n<p>\u201cEste caso, Dupuy, es el iceberg y dio lugar a la construcci\u00f3n e esta ley, pero lamentablemente hay un \u00b4mont\u00f3n de ni\u00f1os, ni\u00f1as y adolescentes que est\u00e1n en esta situaci\u00f3n\u201d, sostuvo.<\/p>\n<p>Luego destac\u00f3 la importancia de \u201cponerle nombre a una ley\u201d, ya que \u201ces importante empatizar de otra manera, que deje ser un papel y pase a representar una historia y muchos m\u00e1s\u201d.<\/p>\n<p>\u201cEstos maltratos en general se dan en el v\u00ednculo intrafamiliar y deja marcas imborrables de situaciones a las que en general no llegan las instituciones, por lo que es importante que los dispositivos adviertan sobre estas violencias y se sepan activar los protocolos correspondientes\u201d.<\/p>\n<p>Por su parte, Ayel\u00e9n Acosta (PRO) resalt\u00f3 la importancia de capacitar a agentes de la salud, de educaci\u00f3n y de seguridad, sobre todo\u201d, y destac\u00f3 que es central \u201cla protecci\u00f3n de identidad del denunciante\u201d.<\/p>\n<p>En tanto, Paola Rubbattino (PJ), manifest\u00f3 que \u201cel abuso sexual infantil es un disparo a la psiquis\u201d y remarc\u00f3 la necesidad de que \u201chaya un Estado presente con pol\u00edticas p\u00fablicas serias\u201d para abordar \u201clos pactos de silencio\u201d que existen en muchas familias.<\/p>\n<p>Luego la diputada Gracia Jaroslavsky (UCR) afirm\u00f3 que la aprobaci\u00f3n de esta adhesi\u00f3n \u201ces un gran paso\u201d y consider\u00f3 que &#8220;la pol\u00edtica debe ponerse delante de estos procesos para conducir a la sociedad\u00a0 a una nueva conciencia, pero para ello primero se debe ocupar de la educaci\u00f3n, cosa que no est\u00e1 haciendo\u201d, enfatiz\u00f3.<\/p>\n<p>\u201cEl Estado est\u00e1 yendo atr\u00e1s de los hechos, pero debe ponerse por delante y hacerse cargo de los errores y entender que sin educaci\u00f3n no vamos a erradicar la violencia\u201d, advirti\u00f3.<\/p>\n<p>&nbsp;<\/p>\n<p><strong>\u00bfQu\u00e9 dice la Ley Lucio?<\/strong><\/p>\n<p>La ley \u201cPrevenci\u00f3n y detecci\u00f3n temprana de la violencia contra los ni\u00f1os, ni\u00f1as y adolescentes\u201d, que fue presentada por el diputado nacional por La Pampa, Mart\u00edn Maquieyra (PRO), contaba con media sanci\u00f3n en Diputados y este jueves alcanz\u00f3 los 65 votos positivos en el Senado. Estuvieron presentes familiares del menor, entre ellos su abuelo Ram\u00f3n Dupuy, quien se reuni\u00f3 con Cristina Kirchner, vicepresidenta de la Naci\u00f3n y por ende presidenta de la C\u00e1mara de Senadores.<\/p>\n<p>Tambi\u00e9n, la nueva legislaci\u00f3n dispone que haya capacitaciones obligatorias para todas las personas que ejercen la funci\u00f3n p\u00fablica en el Poder Ejecutivo, Legislativo y Judicial. Y, no cumplir con esta instrucci\u00f3n, se considerar\u00e1 una falta grave.<\/p>\n<p>A su vez, establece que el Ejecutivo y el Judicial actuar\u00e1n articuladamente para la creaci\u00f3n de un protocolo que establezca las formas de actuar de las fuerzas de seguridad, organismos de la ni\u00f1ez y jueces con competencia en familia, con el objetivo de unificar los criterios de actuaci\u00f3n a nivel nacional y provincial.<\/p>\n<p>Y dispone que el Estado deba realizar campa\u00f1as de concientizaci\u00f3n semestrales que ayuden a detectar y prevenir el maltrato y violencia contra ni\u00f1os, ni\u00f1as y adolescentes, y d\u00f3nde denunciarlo. Y prev\u00e9 la obligatoriedad de la implementaci\u00f3n de la L\u00ednea 102 en todo el territorio argentino para la promoci\u00f3n de derechos de las infancias y la atenci\u00f3n gratuita.<\/p>\n<p>Otra de las herramientas que incorpora la ley es la reserva de identidad, que protege a aquellas personas, que con conocimiento de alguna situaci\u00f3n de maltrato infantil, realizan la denuncia.<\/p>\n<p>La autoridad de aplicaci\u00f3n de la ley ser\u00e1 la Secretar\u00eda Nacional de Ni\u00f1ez, Adolescencia y Familia, que depende del Ministerio de Desarrollo Social de la Naci\u00f3n. Tambi\u00e9n la Secretar\u00eda ser\u00e1 la encargada de producir los contenidos del Plan Federal de Capacitaci\u00f3n, en articulaci\u00f3n con el Consejo Federal de Ni\u00f1ez, Adolescencia y Familia (Cofenaf).<\/p>\n<p>&nbsp;<\/p>\n<p><strong>El caso de Lucio Dupuy<\/strong><\/p>\n<p>Lucio Dupuy muri\u00f3 en noviembre de 2021 de politraumatismos y hemorragia interna, en Santa Rosa, La Pampa. Su madre, Magdalena Esp\u00f3sito Valenti (24), y su pareja, Abigail P\u00e1ez (27) fueron declaradas culpables por el homicidio y condenadas a prisi\u00f3n perpetua.<\/p>\n<p>Luego de su fallecimiento se supo que el ni\u00f1o hab\u00eda ingresado varias veces en distintos hospitales de La Pampa por golpes, pero ning\u00fan profesional hab\u00eda reportado las lesiones.<\/p>\n<p>&nbsp;<\/p>\n<p><strong>Otros proyectos<\/strong><\/p>\n<p>&nbsp;<\/p>\n<p>Las y los diputados dieron sanci\u00f3n definitiva al proyecto de ley por el que se modifica el art\u00edculo 121\u00ba de la Ley N\u00ba 6.902, Org\u00e1nica del Poder Judicial de Entre R\u00edos.<\/p>\n<p>Por otro lado, se sancion\u00f3 el proyecto por el que se crea el Circuito de Almacenes Rurales de la Provincia de Entre R\u00edos y la iniciativa por el que se instituye el 20 de octubre sea el \u201cD\u00eda del Teatro Independiente Entrerriano\u201d en conmemoraci\u00f3n a la sanci\u00f3n de la Ley Provincial N\u00b0 10.931 de Teatro Independiente.<\/p>\n<p>Adem\u00e1s, la iniciativa por la que se autoriza al Gobierno provincial a transferir a t\u00edtulo de donaci\u00f3n a favor de la Municipalidad de Aldea Mar\u00eda Luis tres inmuebles de su propiedad y el proyecto por el que se autoriza al Gobierno a aceptar la donaci\u00f3n formulada por la Municipalidad de Gobernador Mansilla de un inmueble con destino a la construcci\u00f3n de la sede de un Juzgado de Paz de dicha localidad.<\/p>\n<p>Adem\u00e1s se declar\u00f3 Fiesta Provincial a la Fiesta de la Tradici\u00f3n que se realiza en General Racedo y el proyecto por el que se declara \u201cFiesta Provincial\u201d a la actual \u201cFiesta del Pueblo Isle\u00f1o\u201d que se realiza en Las Cuevas, departamento Diamante.<\/p>\n<p>Tambi\u00e9n la iniciativa que declara a la ciudad de Nogoy\u00e1 como \u201cCapital Provincial de la Pelota Paleta\u201d.<\/p>\n<p>&nbsp;<\/p>\n<p><strong>Homenajes<\/strong><\/p>\n<p>El diputado N\u00e9stor Loggio (PJ) record\u00f3 los 50 a\u00f1os de las elecciones del 23 de septiembre en el que Juan Domingo Perd\u00f3n fue electo por tercera vez Presidente de la Naci\u00f3n por el 61,85% de los votos.<\/p>\n<p>Juan Domingo Zacar\u00edas record\u00f3 los 50 a\u00f1os del asesinato del hist\u00f3rico sindicalista Jos\u00e9 Ignacio Rucci.<\/p>\n<p>Por su parte, el diputado Jorge C\u00e1ceres (PJ) rindi\u00f3 homenaje al \u201cTape\u201d Chan\u00e1, un reconocido \u201camigo, poeta, jinete y gran payador\u201d que est\u00e1 atravesando por una gran enfermedad.<\/p>\n","protected":false},"excerpt":{"rendered":"<p>Las y los diputados entrerrianos aprobaron el proyecto por el cual Entre R\u00edos adhiere a las disposiciones de la Ley Nacional 27709 conocida como \u201cLey Lucio\u201d, el ni\u00f1o de 5 a\u00f1os asesinado por su madre. \u201cEsta norma, como la Ley Micaela, nace de hechos atroces que nos interpelan como representantes del Estado y como sociedad\u201d, afirm\u00f3 Mariana Farf\u00e1n, autora de una de las iniciativas &nbsp; &nbsp; En la sesi\u00f3n de este mi\u00e9rcoles la C\u00e1mara de Diputados aprob\u00f3 un proyecto unificado de la diputada Mariana Farf\u00e1n (PJ) y de Ayel\u00e9n Acosta&#8230;<\/p>\n","protected":false},"author":3,"featured_media":108542,"comment_status":"closed","ping_status":"closed","sticky":false,"template":"","format":"standard","meta":[],"categories":[15],"tags":[],"_links":{"self":[{"href":"https:\/\/www.actualidadadiario.com\/index.php\/wp-json\/wp\/v2\/posts\/108621"}],"collection":[{"href":"https:\/\/www.actualidadadiario.com\/index.php\/wp-json\/wp\/v2\/posts"}],"about":[{"href":"https:\/\/www.actualidadadiario.com\/index.php\/wp-json\/wp\/v2\/types\/post"}],"author":[{"embeddable":true,"href":"https:\/\/www.actualidadadiario.com\/index.php\/wp-json\/wp\/v2\/users\/3"}],"replies":[{"embeddable":true,"href":"https:\/\/www.actualidadadiario.com\/index.php\/wp-json\/wp\/v2\/comments?post=108621"}],"version-history":[{"count":3,"href":"https:\/\/www.actualidadadiario.com\/index.php\/wp-json\/wp\/v2\/posts\/108621\/revisions"}],"predecessor-version":[{"id":108669,"href":"https:\/\/www.actualidadadiario.com\/index.php\/wp-json\/wp\/v2\/posts\/108621\/revisions\/108669"}],"wp:featuredmedia":[{"embeddable":true,"href":"https:\/\/www.actualidadadiario.com\/index.php\/wp-json\/wp\/v2\/media\/108542"}],"wp:attachment":[{"href":"https:\/\/www.actualidadadiario.com\/index.php\/wp-json\/wp\/v2\/media?parent=108621"}],"wp:term":[{"taxonomy":"category","embeddable":true,"href":"https:\/\/www.actualidadadiario.com\/index.php\/wp-json\/wp\/v2\/categories?post=108621"},{"taxonomy":"post_tag","embeddable":true,"href":"https:\/\/www.actualidadadiario.com\/index.php\/wp-json\/wp\/v2\/tags?post=108621"}],"curies":[{"name":"wp","href":"https:\/\/api.w.org\/{rel}","templated":true}]}}