{"id":10862,"date":"2017-05-02T09:49:42","date_gmt":"2017-05-02T12:49:42","guid":{"rendered":"http:\/\/actualidadadiario.com\/site\/?p=10862"},"modified":"2017-05-02T09:49:42","modified_gmt":"2017-05-02T12:49:42","slug":"maduro-llamo-a-una-asamblea-constituyente-ciudadana","status":"publish","type":"post","link":"https:\/\/www.actualidadadiario.com\/index.php\/2017\/05\/02\/maduro-llamo-a-una-asamblea-constituyente-ciudadana\/","title":{"rendered":"Maduro llam\u00f3 a una Asamblea Constituyente ciudadana"},"content":{"rendered":"<p><em><strong>El presidente Nicol\u00e1s Maduro anunci\u00f3 que en uso de sus atribuciones constitucionales convocaba al proceso de una Asamblea Nacional Constituyente, es decir, para reformar el Estado venezolano, reformar el ordenamiento jur\u00eddico y reformar la Constituci\u00f3n con el objetivo de lograr la paz de la Rep\u00fablica<\/strong><\/em><\/p>\n<p>&nbsp;<\/p>\n<p>&nbsp;<\/p>\n<p>&nbsp;<\/p>\n<p>&nbsp;<\/p>\n<p>Maduro indic\u00f3 que convocaba el art\u00edculo 347 de la Constituci\u00f3n de 1999 porque quer\u00eda una &#8220;Constituyente con el pueblo, con la clase obrera&#8221;.<\/p>\n<p>&nbsp;<\/p>\n<p>&#8220;Convoco una Constituyente ciudadana, no una Constituyente de partidos ni \u00e9lites, una Constituyente ciudadana, obrera, comunal, campesina, una Constituyente feminista, de la juventud, de los estudiantes, una Constituyente ind\u00edgenas, pero sobre todo hermanos una Constituyente profundamente obrera, decisivamente obrera, profundamente comunal. Convoco a los comuneros, a los misiones&#8221;, dijo. Desde Consejo de Ministros el jefe de Estado firm\u00f3 el decreto de convocatoria al proceso.<\/p>\n<p>&nbsp;<\/p>\n<p>El domingo, Julio Borges, presidente de la Asamblea Nacional, alert\u00f3 sobre las intenciones del gobierno de llamar a una Constituyente comunal, lo que a su juicio representar\u00eda la continuaci\u00f3n y consolidaci\u00f3n del golpe de Estado en Venezuela.<\/p>\n<p>&nbsp;<\/p>\n<p>&#8220;Cualquier paso de convocar una Constituyente comunal es parte del golpe de Estado de Maduro (&#8230;) Esta crisis se ve agravada con esa convocatoria&#8221;, afirm\u00f3 el parlamentario durante una rueda de prensa, en representaci\u00f3n de la Unidad.<\/p>\n","protected":false},"excerpt":{"rendered":"<p>El presidente Nicol\u00e1s Maduro anunci\u00f3 que en uso de sus atribuciones constitucionales convocaba al proceso de una Asamblea Nacional Constituyente, es decir, para reformar el Estado venezolano, reformar el ordenamiento jur\u00eddico y reformar la Constituci\u00f3n con el objetivo de lograr la paz de la Rep\u00fablica &nbsp; &nbsp; &nbsp; &nbsp; Maduro indic\u00f3 que convocaba el art\u00edculo 347 de la Constituci\u00f3n de 1999 porque quer\u00eda una &#8220;Constituyente con el pueblo, con la clase obrera&#8221;. &nbsp; &#8220;Convoco una Constituyente ciudadana, no una Constituyente de partidos ni \u00e9lites, una Constituyente ciudadana, obrera, comunal, campesina,&#8230;<\/p>\n","protected":false},"author":3,"featured_media":10863,"comment_status":"closed","ping_status":"closed","sticky":false,"template":"","format":"standard","meta":[],"categories":[4],"tags":[],"_links":{"self":[{"href":"https:\/\/www.actualidadadiario.com\/index.php\/wp-json\/wp\/v2\/posts\/10862"}],"collection":[{"href":"https:\/\/www.actualidadadiario.com\/index.php\/wp-json\/wp\/v2\/posts"}],"about":[{"href":"https:\/\/www.actualidadadiario.com\/index.php\/wp-json\/wp\/v2\/types\/post"}],"author":[{"embeddable":true,"href":"https:\/\/www.actualidadadiario.com\/index.php\/wp-json\/wp\/v2\/users\/3"}],"replies":[{"embeddable":true,"href":"https:\/\/www.actualidadadiario.com\/index.php\/wp-json\/wp\/v2\/comments?post=10862"}],"version-history":[{"count":1,"href":"https:\/\/www.actualidadadiario.com\/index.php\/wp-json\/wp\/v2\/posts\/10862\/revisions"}],"predecessor-version":[{"id":10864,"href":"https:\/\/www.actualidadadiario.com\/index.php\/wp-json\/wp\/v2\/posts\/10862\/revisions\/10864"}],"wp:featuredmedia":[{"embeddable":true,"href":"https:\/\/www.actualidadadiario.com\/index.php\/wp-json\/wp\/v2\/media\/10863"}],"wp:attachment":[{"href":"https:\/\/www.actualidadadiario.com\/index.php\/wp-json\/wp\/v2\/media?parent=10862"}],"wp:term":[{"taxonomy":"category","embeddable":true,"href":"https:\/\/www.actualidadadiario.com\/index.php\/wp-json\/wp\/v2\/categories?post=10862"},{"taxonomy":"post_tag","embeddable":true,"href":"https:\/\/www.actualidadadiario.com\/index.php\/wp-json\/wp\/v2\/tags?post=10862"}],"curies":[{"name":"wp","href":"https:\/\/api.w.org\/{rel}","templated":true}]}}