{"id":108612,"date":"2023-09-27T11:14:20","date_gmt":"2023-09-27T14:14:20","guid":{"rendered":"https:\/\/www.actualidadadiario.com\/?p=108612"},"modified":"2023-09-27T11:14:20","modified_gmt":"2023-09-27T14:14:20","slug":"el-iapv-licito-nuevas-viviendas-para-feliciano-y-san-jaime","status":"publish","type":"post","link":"https:\/\/www.actualidadadiario.com\/index.php\/2023\/09\/27\/el-iapv-licito-nuevas-viviendas-para-feliciano-y-san-jaime\/","title":{"rendered":"El IAPV licit\u00f3 nuevas viviendas para Feliciano y San Jaime"},"content":{"rendered":"<p style=\"text-align: center;\"><em><strong>Se ejecutar\u00e1n 22 viviendas pertenecientes a la Asociaci\u00f3n del Magisterio de Ense\u00f1anza T\u00e9cnica (Amet) y al Sindicato Argentino de Docentes Privados (Sadop) en San Jos\u00e9 de Feliciano y otras 15 unidades habitacionales en San Jaime de la Frontera<\/strong><\/em><\/p>\n<p>&nbsp;<\/p>\n<p>&nbsp;<\/p>\n<p>Se presentaron dos ofertas econ\u00f3micas para la realizaci\u00f3n de los trabajos.<\/p>\n<p>Los actos licitatorios fueron encabezados por el vicepresidente del IAPV, Marcelo B\u00e1ez, quien estuvo acompa\u00f1ado por los vocales, Miriam Espinoza y Juan Jos\u00e9 Mart\u00ednez .Tambi\u00e9n estuvieron presentes, el secretario general de Amet, Andr\u00e9s Besel; la secretaria general de Sadop, Alejandra Frank, y el escribano delegado de la Escriban\u00eda Mayor de Gobierno, Sebasti\u00e1n Ibarra, entre otras autoridades.<\/p>\n<p>Al respecto, el vicepresidente del IAPV dijo que \u201cde todas las obras p\u00fablicas que se pueden realizar, la m\u00e1s gratificante es la construcci\u00f3n de viviendas porque es la posibilidad que tienen muchas familias de acceder a una vivienda digna\u201d.<\/p>\n<p>Destac\u00f3 que \u201cnuevos vecinos de estas comunidades entrerrianas podr\u00e1n acceder a su casa propia pensando en el bienestar y el futuro de sus hijos, a trav\u00e9s del programa Primero tu Casa, que lleva adelante el gobierno provincial con recursos propios\u201d.<\/p>\n<p>\u201cCon cada vivienda que proyectamos y ejecutamos, estamos garantizando derechos y generando m\u00e1s puestos de trabajo en la provincia\u201d, sostuvo el directivo.<\/p>\n<p>&nbsp;<\/p>\n<p><strong>Casa propia para m\u00e1s docentes<\/strong><\/p>\n<p>Por su parte, el secretario general de Amet, Andr\u00e9s Besel, manifest\u00f3 que \u201cestamos cada vez m\u00e1s cerca la concreci\u00f3n del sue\u00f1o de la casa propia para nuevas familias de docentes, como es el poder tener un hogar digno para asegurarles bienestar y prosperidad a sus hijos\u201d.<\/p>\n<p>Resalt\u00f3 \u201cel apoyo y el acompa\u00f1amiento del gobernador Gustavo Bordet, de las autoridades del IAPV y del municipio de San Jos\u00e9 de Feliciano con la ejecuci\u00f3n de estas obras que permiten una mayor inclusi\u00f3n y mejores condiciones de vida para m\u00e1s familias entrerrianas\u201d.<\/p>\n<p>En tanto, la secretaria general de Sadop Entre R\u00edos, Alejandra Frank, asegur\u00f3 que \u201ces un paso importante para que nuevas familias de docentes privados puedan cumplir el sue\u00f1o de la vivienda propia\u201d.<\/p>\n<p>&nbsp;<\/p>\n<p><strong>Detalles de las licitaciones<\/strong><\/p>\n<p>La gremialista afirm\u00f3 que \u201csiempre que hablamos de viviendas para los trabajadores de la educaci\u00f3n es un tema importante y sensible, por ello seguiremos trabajando para poder brindar m\u00e1s soluciones habitacionales a los docentes\u201d.<\/p>\n<p>Para la construcci\u00f3n de 22 viviendas para docentes t\u00e9cnicos y privados en San Jos\u00e9 de Feliciano, present\u00f3 su propuesta econ\u00f3mica la empresa L y C Construcciones SA, que cotiz\u00f3 483.316.156,79 pesos. Tienen un plazo de ejecuci\u00f3n de 10 meses corridos.<\/p>\n<p>En tanto, la firma Incar SA ofert\u00f3 306.277.579,71 pesos para la construcci\u00f3n de 15 viviendas en San Jaime de la Frontera y tiene un plazo de ejecuci\u00f3n de 10 meses.<\/p>\n","protected":false},"excerpt":{"rendered":"<p>Se ejecutar\u00e1n 22 viviendas pertenecientes a la Asociaci\u00f3n del Magisterio de Ense\u00f1anza T\u00e9cnica (Amet) y al Sindicato Argentino de Docentes Privados (Sadop) en San Jos\u00e9 de Feliciano y otras 15 unidades habitacionales en San Jaime de la Frontera &nbsp; &nbsp; Se presentaron dos ofertas econ\u00f3micas para la realizaci\u00f3n de los trabajos. Los actos licitatorios fueron encabezados por el vicepresidente del IAPV, Marcelo B\u00e1ez, quien estuvo acompa\u00f1ado por los vocales, Miriam Espinoza y Juan Jos\u00e9 Mart\u00ednez .Tambi\u00e9n estuvieron presentes, el secretario general de Amet, Andr\u00e9s Besel; la secretaria general de Sadop,&#8230;<\/p>\n","protected":false},"author":3,"featured_media":108613,"comment_status":"closed","ping_status":"closed","sticky":false,"template":"","format":"standard","meta":[],"categories":[15],"tags":[],"_links":{"self":[{"href":"https:\/\/www.actualidadadiario.com\/index.php\/wp-json\/wp\/v2\/posts\/108612"}],"collection":[{"href":"https:\/\/www.actualidadadiario.com\/index.php\/wp-json\/wp\/v2\/posts"}],"about":[{"href":"https:\/\/www.actualidadadiario.com\/index.php\/wp-json\/wp\/v2\/types\/post"}],"author":[{"embeddable":true,"href":"https:\/\/www.actualidadadiario.com\/index.php\/wp-json\/wp\/v2\/users\/3"}],"replies":[{"embeddable":true,"href":"https:\/\/www.actualidadadiario.com\/index.php\/wp-json\/wp\/v2\/comments?post=108612"}],"version-history":[{"count":1,"href":"https:\/\/www.actualidadadiario.com\/index.php\/wp-json\/wp\/v2\/posts\/108612\/revisions"}],"predecessor-version":[{"id":108614,"href":"https:\/\/www.actualidadadiario.com\/index.php\/wp-json\/wp\/v2\/posts\/108612\/revisions\/108614"}],"wp:featuredmedia":[{"embeddable":true,"href":"https:\/\/www.actualidadadiario.com\/index.php\/wp-json\/wp\/v2\/media\/108613"}],"wp:attachment":[{"href":"https:\/\/www.actualidadadiario.com\/index.php\/wp-json\/wp\/v2\/media?parent=108612"}],"wp:term":[{"taxonomy":"category","embeddable":true,"href":"https:\/\/www.actualidadadiario.com\/index.php\/wp-json\/wp\/v2\/categories?post=108612"},{"taxonomy":"post_tag","embeddable":true,"href":"https:\/\/www.actualidadadiario.com\/index.php\/wp-json\/wp\/v2\/tags?post=108612"}],"curies":[{"name":"wp","href":"https:\/\/api.w.org\/{rel}","templated":true}]}}