{"id":108606,"date":"2023-09-27T11:12:01","date_gmt":"2023-09-27T14:12:01","guid":{"rendered":"https:\/\/www.actualidadadiario.com\/?p=108606"},"modified":"2023-09-27T11:12:01","modified_gmt":"2023-09-27T14:12:01","slug":"bahl-y-varisco-se-mostraron-juntos-a-menos-de-un-mes-de-las-elecciones","status":"publish","type":"post","link":"https:\/\/www.actualidadadiario.com\/index.php\/2023\/09\/27\/bahl-y-varisco-se-mostraron-juntos-a-menos-de-un-mes-de-las-elecciones\/","title":{"rendered":"Bahl y Varisco se mostraron juntos a menos de un mes de las elecciones"},"content":{"rendered":"<p style=\"text-align: center;\"><em><strong>El candidato a gobernador por el PJ y la diputado provincial de la UCR se reunieron con el fin de dialogar sobre el proyecto que impulsa el Intendente para nombrar &#8220;Sergio Fausto Varisco&#8221; a un tramo de la Circunvalaci\u00f3n de la ciudad. \u201cResulta un merecido reconocimiento\u201d, expres\u00f3 Bahl. Si bien es una foto institucional, la imagen alimenta las versiones que indican ciertas fisuras en Juntos por Entre R\u00edos<\/strong><\/em><\/p>\n<p>&nbsp;<\/p>\n<p>&nbsp;<\/p>\n<p>La imagen entre ambos dirigentes aparece a pocas semanas de las elecciones y en el marco de un contexto en el que la unidad de Juntos por Entre R\u00edos detr\u00e1s de la candidatura a Intendente de Emanuel Gainza est\u00e1 en veremos.<\/p>\n<p>En ese marco, cabe recordar que ciertos sectores del varisquismo vienen coqueteando con la candidatura de la justicialista Rosario Romero. Es m\u00e1s, Humberto Varisco afirm\u00f3 d\u00edas atr\u00e1s que la situaci\u00f3n entre su sector y el candidato a la intendencia Emanuel Gainza es \u201ccomplicada\u201d y reconoci\u00f3 que hay sectores del varisquismo que est\u00e1n trabajando abiertamente para la campa\u00f1a de Rosario Romero.<\/p>\n<p>&nbsp;<\/p>\n<p><strong>La reuni\u00f3n<\/strong><\/p>\n<p>Semanas atr\u00e1s el intendente Ad\u00e1n Bahl present\u00f3 una iniciativa que tiene como objetivo designar con el nombre de \u201cSergio Fausto Varisco\u201d al tramo de la autov\u00eda circunvalar norte entre la Avenida Almafuerte y Avenida Don Bosco de Paran\u00e1.<\/p>\n<p>En una reuni\u00f3n mantenida en la Casa de la Costa, el intendente Ad\u00e1n Bahl le entreg\u00f3 a su hija y actual diputada provincial, Luc\u00eda Varisco el proyecto de ordenanza a trav\u00e9s del cual se instaura dicho reconocimiento.<\/p>\n<p>\u201cSergio Fausto Varisco fue dos veces intendente de nuestra querida Paran\u00e1. Ten\u00eda pasi\u00f3n por esta ciudad y dedic\u00f3 su vida a trabajar para mejorar la vida de los paranaenses. Dej\u00f3 una marca imborrable en tantas obras y acciones de gobierno, por eso la historia local guarda ya un cap\u00edtulo especial a su paso por la gesti\u00f3n p\u00fablica\u201d, destac\u00f3 la legisladora.<\/p>\n<p>En lo que se refiere a la iniciativa, indic\u00f3: \u201cAgradezco profundamente este significativo reconocimiento y homenaje de llamar con su nombre al nuevo tramo de la Circunvalaci\u00f3n. Es un gesto muy valorable sobre todo proviniendo de otro espacio pol\u00edtico; una iniciativa que refleja la buena y sana pol\u00edtica que pregonamos\u201d.<\/p>\n<p>Finalmente Varisco manifest\u00f3: \u201cEs un orgullo y un honor ser hija de ese hombre que vive en la memoria y el cari\u00f1o del pueblo\u201d.<\/p>\n<p>&nbsp;<\/p>\n<p><strong>El proyecto<\/strong><\/p>\n<p>En los fundamentos del proyecto -que est\u00e1 siendo estudiado en una comisi\u00f3n del Concejo Deliberante- se indica que \u201cVarisco naci\u00f3 en la ciudad de Paran\u00e1, el 10 de julio de 1960, siempre tuvo una vida ligada a la pol\u00edtica entrerriana, m\u00e1s espec\u00edficamente a la paranaense. En su vida partidaria fue un defensor ac\u00e9rrimo de las banderas de la Uni\u00f3n C\u00edvica Radical, afili\u00e1ndose a ese partido en el a\u00f1o 1979, siendo dentro de su partido Presidente de la Juventud, del Comit\u00e9 Paran\u00e1 y del Comit\u00e9 de Entre R\u00edos\u201d.<\/p>\n<p>\u201cPor el voto popular logr\u00f3 acceder en dos oportunidades a la Intendencia de Paran\u00e1, en los periodos 1999-2003 y 2015-2019 y en el a\u00f1o 2005 fue elegido Diputado Nacional. Sin lugar a dudas Sergio Fausto Varisco fue una persona destacada en la pol\u00edtica local y es por eso que se propone designar con su nombre a un tramo de la autov\u00eda de la circunvalaci\u00f3n norte\u201d.<\/p>\n<p>\u201cCabe recordar de este modo a quien, por decisi\u00f3n de la mayor\u00eda del pueblo paranaense, se desempe\u00f1\u00f3 durante dos per\u00edodos de gobierno al frente de la Municipalidad de Paran\u00e1, representando adem\u00e1s a los entrerrianos en el Congreso Nacional, por lo cual la designaci\u00f3n con su nombre a una importante arteria de nuestra ciudad resulta un merecido reconocimiento\u201d.<\/p>\n","protected":false},"excerpt":{"rendered":"<p>El candidato a gobernador por el PJ y la diputado provincial de la UCR se reunieron con el fin de dialogar sobre el proyecto que impulsa el Intendente para nombrar &#8220;Sergio Fausto Varisco&#8221; a un tramo de la Circunvalaci\u00f3n de la ciudad. \u201cResulta un merecido reconocimiento\u201d, expres\u00f3 Bahl. Si bien es una foto institucional, la imagen alimenta las versiones que indican ciertas fisuras en Juntos por Entre R\u00edos &nbsp; &nbsp; La imagen entre ambos dirigentes aparece a pocas semanas de las elecciones y en el marco de un contexto en&#8230;<\/p>\n","protected":false},"author":3,"featured_media":108607,"comment_status":"closed","ping_status":"closed","sticky":false,"template":"","format":"standard","meta":[],"categories":[15],"tags":[],"_links":{"self":[{"href":"https:\/\/www.actualidadadiario.com\/index.php\/wp-json\/wp\/v2\/posts\/108606"}],"collection":[{"href":"https:\/\/www.actualidadadiario.com\/index.php\/wp-json\/wp\/v2\/posts"}],"about":[{"href":"https:\/\/www.actualidadadiario.com\/index.php\/wp-json\/wp\/v2\/types\/post"}],"author":[{"embeddable":true,"href":"https:\/\/www.actualidadadiario.com\/index.php\/wp-json\/wp\/v2\/users\/3"}],"replies":[{"embeddable":true,"href":"https:\/\/www.actualidadadiario.com\/index.php\/wp-json\/wp\/v2\/comments?post=108606"}],"version-history":[{"count":1,"href":"https:\/\/www.actualidadadiario.com\/index.php\/wp-json\/wp\/v2\/posts\/108606\/revisions"}],"predecessor-version":[{"id":108608,"href":"https:\/\/www.actualidadadiario.com\/index.php\/wp-json\/wp\/v2\/posts\/108606\/revisions\/108608"}],"wp:featuredmedia":[{"embeddable":true,"href":"https:\/\/www.actualidadadiario.com\/index.php\/wp-json\/wp\/v2\/media\/108607"}],"wp:attachment":[{"href":"https:\/\/www.actualidadadiario.com\/index.php\/wp-json\/wp\/v2\/media?parent=108606"}],"wp:term":[{"taxonomy":"category","embeddable":true,"href":"https:\/\/www.actualidadadiario.com\/index.php\/wp-json\/wp\/v2\/categories?post=108606"},{"taxonomy":"post_tag","embeddable":true,"href":"https:\/\/www.actualidadadiario.com\/index.php\/wp-json\/wp\/v2\/tags?post=108606"}],"curies":[{"name":"wp","href":"https:\/\/api.w.org\/{rel}","templated":true}]}}