{"id":108600,"date":"2023-09-26T13:09:10","date_gmt":"2023-09-26T16:09:10","guid":{"rendered":"https:\/\/www.actualidadadiario.com\/?p=108600"},"modified":"2023-09-26T13:09:10","modified_gmt":"2023-09-26T16:09:10","slug":"a-nueve-anos-de-la-desaparicion-de-estudiantes-secuestraron-a-siete-jovenes-en-mexico","status":"publish","type":"post","link":"https:\/\/www.actualidadadiario.com\/index.php\/2023\/09\/26\/a-nueve-anos-de-la-desaparicion-de-estudiantes-secuestraron-a-siete-jovenes-en-mexico\/","title":{"rendered":"A nueve a\u00f1os de la desaparici\u00f3n de estudiantes, secuestraron a siete j\u00f3venes en M\u00e9xico"},"content":{"rendered":"<p style=\"text-align: center;\"><em><strong>Un grupo de investigadores asegura que el Ej\u00e9rcito permiti\u00f3 la agresi\u00f3n a los estudiantes, la encubri\u00f3 y luego no facilit\u00f3 informaci\u00f3n veraz sobre lo sucedido. Mientras tanto, en en el estado de Zacatecas siete chicos de entre 14 y 18 a\u00f1os fueron secuestrados mientras dorm\u00edan<\/strong><\/em><\/p>\n<p>&nbsp;<\/p>\n<p>&nbsp;<\/p>\n<p>M\u00e9xico conmemorara este martes nueve a\u00f1os de la desaparici\u00f3n de 43 estudiantes en Ayotzinapa, estado de Guerrero, con marchas callejeras previstas para la jornada y en un clima de reclamo de los familiares por falta de respuestas oficiales sobre lo que sucedi\u00f3, mientras en el estado de Zacatecas, en la regi\u00f3n centro-norte del pa\u00eds, otros siete j\u00f3venes fueron secuestrados en las \u00faltimas horas, informaron fuentes oficiales.<\/p>\n<p>Familiares de los 43 j\u00f3venes desaparecidos en 2014 se\u00f1alaron la noche de este lunes que no recibieron informaci\u00f3n alguna sobre la pesquisa que realiza el Gobierno de Andr\u00e9s L\u00f3pez Obrador, quien personalmente y frente a los propios familiares asegur\u00f3 que su administraci\u00f3n no va a ocultar pruebas que incriminar\u00edan a militares en el caso.<\/p>\n<p>&#8220;En el informe del Secretario de la Defensa Nacional no hay nada, no da respuesta, ni el presidente ni \u00e9l, se da respuesta a la informaci\u00f3n que solicitaron los padres de familia&#8221;, dijo a la prensa Vidulfo Rosales, abogado de los padres de los 43 j\u00f3venes de la escuela normal rural de Ayotzinapa, tras una reuni\u00f3n con representantes gubernamentales, reprodujo la agencia de noticias AFP.<\/p>\n<p>Rosales a\u00f1adi\u00f3 que la investigaci\u00f3n del Gobierno de L\u00f3pez Obrador se acerca m\u00e1s a &#8220;la verdad hist\u00f3rica&#8221;, como se llam\u00f3 a la pesquisa de la gesti\u00f3n del presidente Enrique Pe\u00f1a Nieto (2012-2018), que apuntaba a que los estudiantes fueron detenidos por polic\u00edas en complicidad con narcotraficantes, que los confundieron con miembros de un c\u00e1rtel rival.<\/p>\n<p>&#8220;Refiere que los estudiantes iban infiltrados, que se trataba de una disputa de los bandos del crimen organizado, reduciendo totalmente la responsabilidad al crimen organizado y a un aspecto meramente local, dejando de lado al Ej\u00e9rcito&#8221;, dijo Rosales.<\/p>\n<p>Un grupo de investigadores conformado tras un acuerdo entre el Gobierno y la Comisi\u00f3n Interamericana de Derechos Humanos asegura que el Ej\u00e9rcito mexicano permiti\u00f3 la agresi\u00f3n a los estudiantes, la encubri\u00f3 y luego no facilit\u00f3 informaci\u00f3n veraz sobre lo sucedido.<\/p>\n<p>Esa comisi\u00f3n concluy\u00f3 el pasado 26 de julio las pesquisas iniciadas en 2015, alegando que el estamento militar se niega a entregar informaci\u00f3n sensible, por lo que resultaba &#8220;imposible&#8221; seguir adelante con su labor.<\/p>\n<p>Los normalistas desaparecieron entre la noche del 26 y la madrugada del 27 de septiembre de 2014 tras dirigirse al municipio de Iguala para tomar autobuses con los que pretend\u00edan viajar a Ciudad de M\u00e9xico y participar en una manifestaci\u00f3n.<\/p>\n<p>Seg\u00fan las versiones oficiales, el c\u00e1rtel Guerreros Unidos los habr\u00eda asesinado y luego hizo desaparecer sus cuerpos.<\/p>\n<p>Para este martes se prev\u00e9n varias manifestaciones p\u00fablicas en Ciudad de M\u00e9xico por el aniversario del caso.<\/p>\n<p>&nbsp;<\/p>\n<p><strong>La desaparici\u00f3n de los siete j\u00f3venes<\/strong><\/p>\n<p>En tanto, siete j\u00f3venes fueron secuestrados en el estado de Zacatecas, en la regi\u00f3n centro-norte de M\u00e9xico, inform\u00f3 este lunes la fiscal\u00eda local, a poco menos de dos meses de que otro grupo similar fuera raptado en el occidental estado de Jalisco.<\/p>\n<p>Los chicos tienen edades de entre 14 y 18 a\u00f1os y fueron secuestrados en un rancho de la localidad de Villanueva, inform\u00f3 el fiscal del estado, Francisco Murillo.<\/p>\n<p>El funcionario explic\u00f3 que los j\u00f3venes fueron retenidos luego de terminar una reuni\u00f3n social en el lugar.<\/p>\n<p>&#8220;Estaban dormidas estas personas (&#8230;) cuando aparentemente alrededor de las 4 de la ma\u00f1ana empiezan a ver la presencia de un grupo delictivo de personas que llegaron en veh\u00edculos y los sacan y se los llevan&#8221;, dijo el portavoz, citado por AFP.<\/p>\n<p>Anunci\u00f3 que tras el secuestro se organiz\u00f3 un operativo de unos 300 elementos del Ej\u00e9rcito, Guardia Nacional, polic\u00eda estatal y fiscal\u00eda para poderlos localizar.<\/p>\n<p>Descart\u00f3 que se trate de un caso de reclutamiento forzado por parte de grupos del crimen organizado. &#8220;Creo que este no es el caso de estos j\u00f3venes&#8221;, dijo.<\/p>\n<p>A inicios de agosto, el secuestro y presunto asesinato de un grupo de cinco j\u00f3venes en Lagos de Moreno, Jalisco, conmocion\u00f3 al pa\u00eds pues el cautiverio y su martirio fueron difundidos en una foto y un video en redes sociales.<\/p>\n<p>Zacatecas, que tiene rutas estrat\u00e9gicas hacia el mercado de drogas estadounidense y los puertos del Pac\u00edfico y el Golfo de M\u00e9xico, ha sido escenario de la violencia ligada al crimen organizado.<\/p>\n<p>En el estado, la pugna entre el C\u00e1rtel Jalisco Nueva Generaci\u00f3n (CJNG) y el c\u00e1rtel de Sinaloa, dos de las mayores organizaciones criminales del pa\u00eds, ha dejado cientos de desplazados.<\/p>\n","protected":false},"excerpt":{"rendered":"<p>Un grupo de investigadores asegura que el Ej\u00e9rcito permiti\u00f3 la agresi\u00f3n a los estudiantes, la encubri\u00f3 y luego no facilit\u00f3 informaci\u00f3n veraz sobre lo sucedido. Mientras tanto, en en el estado de Zacatecas siete chicos de entre 14 y 18 a\u00f1os fueron secuestrados mientras dorm\u00edan &nbsp; &nbsp; M\u00e9xico conmemorara este martes nueve a\u00f1os de la desaparici\u00f3n de 43 estudiantes en Ayotzinapa, estado de Guerrero, con marchas callejeras previstas para la jornada y en un clima de reclamo de los familiares por falta de respuestas oficiales sobre lo que sucedi\u00f3, mientras&#8230;<\/p>\n","protected":false},"author":3,"featured_media":108601,"comment_status":"closed","ping_status":"closed","sticky":false,"template":"","format":"standard","meta":[],"categories":[4],"tags":[],"_links":{"self":[{"href":"https:\/\/www.actualidadadiario.com\/index.php\/wp-json\/wp\/v2\/posts\/108600"}],"collection":[{"href":"https:\/\/www.actualidadadiario.com\/index.php\/wp-json\/wp\/v2\/posts"}],"about":[{"href":"https:\/\/www.actualidadadiario.com\/index.php\/wp-json\/wp\/v2\/types\/post"}],"author":[{"embeddable":true,"href":"https:\/\/www.actualidadadiario.com\/index.php\/wp-json\/wp\/v2\/users\/3"}],"replies":[{"embeddable":true,"href":"https:\/\/www.actualidadadiario.com\/index.php\/wp-json\/wp\/v2\/comments?post=108600"}],"version-history":[{"count":1,"href":"https:\/\/www.actualidadadiario.com\/index.php\/wp-json\/wp\/v2\/posts\/108600\/revisions"}],"predecessor-version":[{"id":108602,"href":"https:\/\/www.actualidadadiario.com\/index.php\/wp-json\/wp\/v2\/posts\/108600\/revisions\/108602"}],"wp:featuredmedia":[{"embeddable":true,"href":"https:\/\/www.actualidadadiario.com\/index.php\/wp-json\/wp\/v2\/media\/108601"}],"wp:attachment":[{"href":"https:\/\/www.actualidadadiario.com\/index.php\/wp-json\/wp\/v2\/media?parent=108600"}],"wp:term":[{"taxonomy":"category","embeddable":true,"href":"https:\/\/www.actualidadadiario.com\/index.php\/wp-json\/wp\/v2\/categories?post=108600"},{"taxonomy":"post_tag","embeddable":true,"href":"https:\/\/www.actualidadadiario.com\/index.php\/wp-json\/wp\/v2\/tags?post=108600"}],"curies":[{"name":"wp","href":"https:\/\/api.w.org\/{rel}","templated":true}]}}