{"id":10859,"date":"2017-05-02T09:48:55","date_gmt":"2017-05-02T12:48:55","guid":{"rendered":"http:\/\/actualidadadiario.com\/site\/?p=10859"},"modified":"2017-05-02T09:48:55","modified_gmt":"2017-05-02T12:48:55","slug":"el-sospechoso-del-femicidio-de-araceli-tenia-una-causa-por-abuso-sexual-contra-su-hijastra","status":"publish","type":"post","link":"https:\/\/www.actualidadadiario.com\/index.php\/2017\/05\/02\/el-sospechoso-del-femicidio-de-araceli-tenia-una-causa-por-abuso-sexual-contra-su-hijastra\/","title":{"rendered":"El sospechoso del femicidio de Araceli ten\u00eda una causa por abuso sexual contra su hijastra"},"content":{"rendered":"<p><em><strong>Badaracco, detenido luego que encontraran el cuerpo de la joven en el fondo de la casa de su madre, ten\u00eda tres antecedentes penales al que se le a\u00f1ade una denuncia por abuso a una menor de 3 a\u00f1os<\/strong><\/em><\/p>\n<p>&nbsp;<\/p>\n<p>&nbsp;<\/p>\n<p>&nbsp;<\/p>\n<p>D\u00edas despu\u00e9s que hallaran a Araceli Fulles sin vida trascendi\u00f3 que el detenido y principal sospechoso del femicidio, Dar\u00edo Badaracco, ten\u00eda una causa por abuso sexual contra su hijastra de tres a\u00f1os, y otra por lesiones leves contra su hijastro de cinco a\u00f1os.<\/p>\n<p>&nbsp;<\/p>\n<p>Se sab\u00eda que el sospechoso ten\u00eda antecedentes penales, aunque por delitos de \u201ctentativa de robo\u201d, \u201cencubrimiento\u201d y \u201crobo\u201d, todos perpetrados en el partido bonaerense de San Mart\u00edn, a los que ahora se les agrega esta causa por abuso.<\/p>\n<p>&nbsp;<\/p>\n<p>En el expediente, abierto en 2015, que se incorpor\u00f3 en la Unidad Funcional de Instrucci\u00f3n 2, se lo acusa a Badaracco de &#8220;abuso sexual agravado y lesiones\u201d presuntamente realizado cuando la hija de su actual pareja, Claudia Agustina Guzm\u00e1n, ten\u00eda tres a\u00f1os.<\/p>\n<p>&nbsp;<\/p>\n<p>De acuerdo con Minutouno.com, la denuncia fue presentada por el padre biol\u00f3gico de los dos menores. En la presentaci\u00f3n se detalla que los chicos fueron llevados al hospital, donde corroboraron el abuso en la nena y las lesiones en la espalda al peque\u00f1o.<\/p>\n<p>&nbsp;<\/p>\n<p>Por su parte, en las \u00faltimas horas se conoci\u00f3 que la Polic\u00eda allan\u00f3 nuevamente el domicilio de Badaracco, donde hallaron elementos compatibles con las marcas de ahorcamiento que presentaba el cad\u00e1ver de Araceli.<\/p>\n<p>&nbsp;<\/p>\n<p>Al mismo tiempo, este lunes familiares y amigos de Araceli, acompa\u00f1ados por vecinos, realizaron una masiva marcha en reclamo de justicia. La movilizaci\u00f3n se concentr\u00f3 a partir de las 18 en la avenida M\u00e1rquez y 9 de Julio, en Jos\u00e9 Le\u00f3n Su\u00e1rez, partido de San Mart\u00edn.<\/p>\n","protected":false},"excerpt":{"rendered":"<p>Badaracco, detenido luego que encontraran el cuerpo de la joven en el fondo de la casa de su madre, ten\u00eda tres antecedentes penales al que se le a\u00f1ade una denuncia por abuso a una menor de 3 a\u00f1os &nbsp; &nbsp; &nbsp; D\u00edas despu\u00e9s que hallaran a Araceli Fulles sin vida trascendi\u00f3 que el detenido y principal sospechoso del femicidio, Dar\u00edo Badaracco, ten\u00eda una causa por abuso sexual contra su hijastra de tres a\u00f1os, y otra por lesiones leves contra su hijastro de cinco a\u00f1os. &nbsp; Se sab\u00eda que el sospechoso&#8230;<\/p>\n","protected":false},"author":3,"featured_media":10860,"comment_status":"closed","ping_status":"closed","sticky":false,"template":"","format":"standard","meta":[],"categories":[4],"tags":[],"_links":{"self":[{"href":"https:\/\/www.actualidadadiario.com\/index.php\/wp-json\/wp\/v2\/posts\/10859"}],"collection":[{"href":"https:\/\/www.actualidadadiario.com\/index.php\/wp-json\/wp\/v2\/posts"}],"about":[{"href":"https:\/\/www.actualidadadiario.com\/index.php\/wp-json\/wp\/v2\/types\/post"}],"author":[{"embeddable":true,"href":"https:\/\/www.actualidadadiario.com\/index.php\/wp-json\/wp\/v2\/users\/3"}],"replies":[{"embeddable":true,"href":"https:\/\/www.actualidadadiario.com\/index.php\/wp-json\/wp\/v2\/comments?post=10859"}],"version-history":[{"count":1,"href":"https:\/\/www.actualidadadiario.com\/index.php\/wp-json\/wp\/v2\/posts\/10859\/revisions"}],"predecessor-version":[{"id":10861,"href":"https:\/\/www.actualidadadiario.com\/index.php\/wp-json\/wp\/v2\/posts\/10859\/revisions\/10861"}],"wp:featuredmedia":[{"embeddable":true,"href":"https:\/\/www.actualidadadiario.com\/index.php\/wp-json\/wp\/v2\/media\/10860"}],"wp:attachment":[{"href":"https:\/\/www.actualidadadiario.com\/index.php\/wp-json\/wp\/v2\/media?parent=10859"}],"wp:term":[{"taxonomy":"category","embeddable":true,"href":"https:\/\/www.actualidadadiario.com\/index.php\/wp-json\/wp\/v2\/categories?post=10859"},{"taxonomy":"post_tag","embeddable":true,"href":"https:\/\/www.actualidadadiario.com\/index.php\/wp-json\/wp\/v2\/tags?post=10859"}],"curies":[{"name":"wp","href":"https:\/\/api.w.org\/{rel}","templated":true}]}}