{"id":108586,"date":"2023-09-26T12:42:28","date_gmt":"2023-09-26T15:42:28","guid":{"rendered":"https:\/\/www.actualidadadiario.com\/?p=108586"},"modified":"2023-09-26T12:42:28","modified_gmt":"2023-09-26T15:42:28","slug":"en-su-ultimo-dia-de-anuncios-massa-saca-a-la-cancha-un-refuerzo-para-trabajadores-informales","status":"publish","type":"post","link":"https:\/\/www.actualidadadiario.com\/index.php\/2023\/09\/26\/en-su-ultimo-dia-de-anuncios-massa-saca-a-la-cancha-un-refuerzo-para-trabajadores-informales\/","title":{"rendered":"En su \u00faltimo d\u00eda de anuncios, Massa saca a la cancha un refuerzo para trabajadores informales"},"content":{"rendered":"<p style=\"text-align: center;\"><em><strong>El ministro de Econom\u00eda y candidato a presidente junto a Fernanda Raverta informar\u00e1n los detalles de lo que ser\u00e1 un refuerzo de ingresos<\/strong><\/em><\/p>\n<p>&nbsp;<\/p>\n<p>&nbsp;<\/p>\n<p>El ministro de Econom\u00eda, Sergio Massa, y la titular de la ANSES, Fernanda Raverta, presentar\u00e1n este martes una serie de anuncios de impacto en la econom\u00eda destinado a 3 millones de trabajadores informales. Se trata de un refuerzo de ingresos dirigido a los trabajadores informales, uno de los sectores m\u00e1s relegados y castigados por el efecto negativo de la inflaci\u00f3n y la devaluaci\u00f3n.<\/p>\n<p>La conferencia estaba prevista para este lunes a las 19, encabezada por Massa y Raverta, pero finalmente pospuso para este martes a las 13 horas por &#8220;razones de agenda&#8221;. All\u00ed, se brindar\u00e1n detalles sobre las nuevas medidas para trabajadores informales.<\/p>\n<p>Desde Econom\u00eda no se inform\u00f3 el monto del bono, aunque se estima que rondar\u00e1 los $50.000 para equipararlo al que recibieron las trabajadoras de casas particulares registradas y los beneficiarios del programa Potenciar Trabajo. Se trata de un universo de personas que no fueron alcanzadas por las anteriores medidas que anunci\u00f3 el Gobierno.<\/p>\n<p>La semana pasada, Massa adelant\u00f3 en C5N los lineamientos de las pr\u00f3ximas medidas econ\u00f3micas a implementare hizo referencias a propuestas para \u201ctratar de ayudar\u201d a los trabajadores informales, para \u201cenfrentar la situaci\u00f3n que represent\u00f3 la devaluaci\u00f3n que el FMI le impuso a la Argentina\u201d.<\/p>\n<p>\u201cA ellos los tenemos que ayudar\u201d y por eso \u201cestamos trabajando en alguna medida\u201d que a\u00fan no est\u00e1 del todo definida pero que \u201cen los pr\u00f3ximos d\u00edas la vamos a resolver\u201d, adelant\u00f3 el ministro.<\/p>\n","protected":false},"excerpt":{"rendered":"<p>El ministro de Econom\u00eda y candidato a presidente junto a Fernanda Raverta informar\u00e1n los detalles de lo que ser\u00e1 un refuerzo de ingresos &nbsp; &nbsp; El ministro de Econom\u00eda, Sergio Massa, y la titular de la ANSES, Fernanda Raverta, presentar\u00e1n este martes una serie de anuncios de impacto en la econom\u00eda destinado a 3 millones de trabajadores informales. Se trata de un refuerzo de ingresos dirigido a los trabajadores informales, uno de los sectores m\u00e1s relegados y castigados por el efecto negativo de la inflaci\u00f3n y la devaluaci\u00f3n. La conferencia&#8230;<\/p>\n","protected":false},"author":3,"featured_media":97912,"comment_status":"closed","ping_status":"closed","sticky":false,"template":"","format":"standard","meta":[],"categories":[18],"tags":[],"_links":{"self":[{"href":"https:\/\/www.actualidadadiario.com\/index.php\/wp-json\/wp\/v2\/posts\/108586"}],"collection":[{"href":"https:\/\/www.actualidadadiario.com\/index.php\/wp-json\/wp\/v2\/posts"}],"about":[{"href":"https:\/\/www.actualidadadiario.com\/index.php\/wp-json\/wp\/v2\/types\/post"}],"author":[{"embeddable":true,"href":"https:\/\/www.actualidadadiario.com\/index.php\/wp-json\/wp\/v2\/users\/3"}],"replies":[{"embeddable":true,"href":"https:\/\/www.actualidadadiario.com\/index.php\/wp-json\/wp\/v2\/comments?post=108586"}],"version-history":[{"count":1,"href":"https:\/\/www.actualidadadiario.com\/index.php\/wp-json\/wp\/v2\/posts\/108586\/revisions"}],"predecessor-version":[{"id":108587,"href":"https:\/\/www.actualidadadiario.com\/index.php\/wp-json\/wp\/v2\/posts\/108586\/revisions\/108587"}],"wp:featuredmedia":[{"embeddable":true,"href":"https:\/\/www.actualidadadiario.com\/index.php\/wp-json\/wp\/v2\/media\/97912"}],"wp:attachment":[{"href":"https:\/\/www.actualidadadiario.com\/index.php\/wp-json\/wp\/v2\/media?parent=108586"}],"wp:term":[{"taxonomy":"category","embeddable":true,"href":"https:\/\/www.actualidadadiario.com\/index.php\/wp-json\/wp\/v2\/categories?post=108586"},{"taxonomy":"post_tag","embeddable":true,"href":"https:\/\/www.actualidadadiario.com\/index.php\/wp-json\/wp\/v2\/tags?post=108586"}],"curies":[{"name":"wp","href":"https:\/\/api.w.org\/{rel}","templated":true}]}}