{"id":108583,"date":"2023-09-26T12:39:53","date_gmt":"2023-09-26T15:39:53","guid":{"rendered":"https:\/\/www.actualidadadiario.com\/?p=108583"},"modified":"2023-09-26T12:39:53","modified_gmt":"2023-09-26T15:39:53","slug":"brenda-uliarte-amplio-su-declaracion-y-hablo-de-vinculos-de-milman-con-sabag-montiel","status":"publish","type":"post","link":"https:\/\/www.actualidadadiario.com\/index.php\/2023\/09\/26\/brenda-uliarte-amplio-su-declaracion-y-hablo-de-vinculos-de-milman-con-sabag-montiel\/","title":{"rendered":"Brenda Uliarte ampli\u00f3 su declaraci\u00f3n y habl\u00f3 de v\u00ednculos de Milman con Sabag Montiel"},"content":{"rendered":"<p style=\"text-align: center;\"><em><strong>En el escrito, Brenda Uliarte indic\u00f3: &#8220;Yo no s\u00e9 por qu\u00e9 Nando (por Fernando Sabag Montiel) hizo esto, pero s\u00ed s\u00e9 que \u00e9l no es capaz de organizar y hacer todo esto solo, claramente alguien est\u00e1 atr\u00e1s&#8221;, detall\u00f3 la joven en la presentaci\u00f3n. Otro dato que sorprende es que vincula a Sabag Montiel con la organizaci\u00f3n violenta Revoluci\u00f3n Federal<\/strong><\/em><\/p>\n<p>&nbsp;<\/p>\n<p>&nbsp;<\/p>\n<p>La joven intenta despegarse del ataque a Cristina Kirchner y busca mejorar su situaci\u00f3n en la causa, por la que se encuentra presa hace casi un a\u00f1o. Los dichos tambi\u00e9n apuntan a la &#8220;pata pol\u00edtica&#8221; del atentado, una especia de conjura contra y una trama contra la Vicepresidenta.<\/p>\n<p>Algunas pistas llevan a poner la mirada en Gerardo Milman y los v\u00ednculos con la pol\u00edtica, algo que la jueza Mar\u00eda Eugenia Capuchetti descart\u00f3 al momento de elevar el caso a juicio. Justamente la \u00fanica posibilidad que dej\u00f3 abierta la magistrada fue la llamada &#8220;pista Milman&#8221;.<\/p>\n<p>En su declaraci\u00f3n, Uliarte dice que lo escuch\u00f3 a Sabag Montiel, su pareja, hablar con &#8220;una chica, de nombre Carolina, y cuando le pregunt\u00e9 qui\u00e9n era, me dijo que era la secretaria de un amigo, y que ella le daba una mano, que no le rompa las bolas con los celos, en el mes y medio que estuvimos juntos me la nombr\u00f3 dos o tres veces&#8221;. La inc\u00f3gnita es tratar de dilucidar si se refiere a Carolina G\u00f3mez M\u00f3naco, la exmiss argentina asesora mano derecha de Milman.<\/p>\n<p>&#8220;Yo nunca vi a (Gerardo) Milman pero dec\u00edan que le pagaba a varias personas para que participaran en manifestaciones y con ello generar disturbios y violencia alrededor de la casa de Cristina Kirchner. A ver, yo no digo que financiaron el atentado, pero s\u00ed financiaban para agitar y armar quilombo&#8221;, asegur\u00f3 Uliarte.<\/p>\n<p>En la causa que investiga, entre otras cuestiones, la p\u00e9rdida de informaci\u00f3n de los celulares de Milman, G\u00f3mez M\u00f3naco es quien entreg\u00f3 un celular nuevo casi sin informaci\u00f3n, y se descubri\u00f3 este a\u00f1o que ten\u00eda otro m\u00e1s. Era el mismo modelo que el que entreg\u00f3 el diputado de JxC, un iPhone 14, que sali\u00f3 a la venta despu\u00e9s del atentado.<\/p>\n<p>&#8220;Yo fui un solo d\u00eda a las sede de Revoluci\u00f3n Federal, a vender copitos, que me llev\u00f3 Fernando. \u00c9l era parte de todo eso, yo no. De hecho, si le preguntan a los miembros de Revoluci\u00f3n Federal nadie me conoce, o si me vieron, fue alguna vez vendiendo en alg\u00fan acto, no porque me interese el acto en s\u00ed, sino porque se vend\u00eda re bien&#8221;, detall\u00f3 la joven, imputada como coautora.<\/p>\n<p>Sabag \u201csiempre me dec\u00eda que la quer\u00eda ver muerta, que hab\u00eda cagado al pa\u00eds, pero eso lo dicen muchos argentinos. Yo la verdad no cre\u00ed que fuera a ser en serio. Siempre cre\u00ed hasta el mismo d\u00eda del hecho que me estaba jodiendo para asustarme o manipularme&#8221;, agreg\u00f3.<\/p>\n<p>Luego, aport\u00f3 sobre el arma: &#8220;Un d\u00eda trajo un arma y me asust\u00e9 y al final era de juguete. Solo lo hac\u00eda para intimidarme y que yo creyera que \u00e9l pod\u00eda hacer cualquier cosa. Se hac\u00eda el malo con la gente pero despu\u00e9s no hac\u00eda nada con ellos. Se la terminaba agarrando conmigo por eso siempre pens\u00e9 que era mentira, que era un chiste de \u00e9l\u201d, concluy\u00f3.<\/p>\n","protected":false},"excerpt":{"rendered":"<p>En el escrito, Brenda Uliarte indic\u00f3: &#8220;Yo no s\u00e9 por qu\u00e9 Nando (por Fernando Sabag Montiel) hizo esto, pero s\u00ed s\u00e9 que \u00e9l no es capaz de organizar y hacer todo esto solo, claramente alguien est\u00e1 atr\u00e1s&#8221;, detall\u00f3 la joven en la presentaci\u00f3n. Otro dato que sorprende es que vincula a Sabag Montiel con la organizaci\u00f3n violenta Revoluci\u00f3n Federal &nbsp; &nbsp; La joven intenta despegarse del ataque a Cristina Kirchner y busca mejorar su situaci\u00f3n en la causa, por la que se encuentra presa hace casi un a\u00f1o. Los dichos&#8230;<\/p>\n","protected":false},"author":3,"featured_media":108584,"comment_status":"closed","ping_status":"closed","sticky":false,"template":"","format":"standard","meta":[],"categories":[18],"tags":[],"_links":{"self":[{"href":"https:\/\/www.actualidadadiario.com\/index.php\/wp-json\/wp\/v2\/posts\/108583"}],"collection":[{"href":"https:\/\/www.actualidadadiario.com\/index.php\/wp-json\/wp\/v2\/posts"}],"about":[{"href":"https:\/\/www.actualidadadiario.com\/index.php\/wp-json\/wp\/v2\/types\/post"}],"author":[{"embeddable":true,"href":"https:\/\/www.actualidadadiario.com\/index.php\/wp-json\/wp\/v2\/users\/3"}],"replies":[{"embeddable":true,"href":"https:\/\/www.actualidadadiario.com\/index.php\/wp-json\/wp\/v2\/comments?post=108583"}],"version-history":[{"count":1,"href":"https:\/\/www.actualidadadiario.com\/index.php\/wp-json\/wp\/v2\/posts\/108583\/revisions"}],"predecessor-version":[{"id":108585,"href":"https:\/\/www.actualidadadiario.com\/index.php\/wp-json\/wp\/v2\/posts\/108583\/revisions\/108585"}],"wp:featuredmedia":[{"embeddable":true,"href":"https:\/\/www.actualidadadiario.com\/index.php\/wp-json\/wp\/v2\/media\/108584"}],"wp:attachment":[{"href":"https:\/\/www.actualidadadiario.com\/index.php\/wp-json\/wp\/v2\/media?parent=108583"}],"wp:term":[{"taxonomy":"category","embeddable":true,"href":"https:\/\/www.actualidadadiario.com\/index.php\/wp-json\/wp\/v2\/categories?post=108583"},{"taxonomy":"post_tag","embeddable":true,"href":"https:\/\/www.actualidadadiario.com\/index.php\/wp-json\/wp\/v2\/tags?post=108583"}],"curies":[{"name":"wp","href":"https:\/\/api.w.org\/{rel}","templated":true}]}}