{"id":108578,"date":"2023-09-26T12:31:54","date_gmt":"2023-09-26T15:31:54","guid":{"rendered":"https:\/\/www.actualidadadiario.com\/?p=108578"},"modified":"2023-09-26T12:31:54","modified_gmt":"2023-09-26T15:31:54","slug":"diputados-retoma-el-debate-sobre-la-reduccion-de-la-jornada-laboral","status":"publish","type":"post","link":"https:\/\/www.actualidadadiario.com\/index.php\/2023\/09\/26\/diputados-retoma-el-debate-sobre-la-reduccion-de-la-jornada-laboral\/","title":{"rendered":"Diputados retoma el debate sobre la reducci\u00f3n de la jornada laboral"},"content":{"rendered":"<p style=\"text-align: center;\"><em><strong>Analizar\u00e1n siete propuestas presentadas por Claudia Ormaechea, Hugo Yasky, Sergio Palazzo, Eduardo Vald\u00e9s y M\u00f3nica Litza- del oficialismo, por Enrique Estevez del socialismo y Nicol\u00e1s del Ca\u00f1o, del Frente de Izquierda<\/strong><\/em><\/p>\n<p>&nbsp;<\/p>\n<p>&nbsp;<\/p>\n<p>La Comisi\u00f3n de Legislaci\u00f3n del Trabajo de la C\u00e1mara de Diputados debatir\u00e1 este martes un conjunto de proyectos de legisladores de diferentes bancadas que plantean la reducci\u00f3n de la jornada laboral.<\/p>\n<p>Durante la reuni\u00f3n de la comisi\u00f3n, que preside la diputada Vanesa Siley (Frente de Todos), prevista para las 13, se analizar\u00e1n siete expedientes sobre la reducci\u00f3n de la jornada laboral tanto del oficialismo como de la oposici\u00f3n.<\/p>\n<p>De esas propuestas, cinco corresponden al oficialismo -presentadas por Claudia Ormaechea, Hugo Yasky, Sergio Palazzo, Eduardo Vald\u00e9s y M\u00f3nica Litza- y dos de legisladores de la oposici\u00f3n, impulsados por el socialismo (Enrique Estevez) y el Frente de Izquierda (Nicol\u00e1s del Ca\u00f1o).<\/p>\n<p>Del encuentro participar\u00e1n la ministra de Trabajo, Raquel &#8216;Kelly&#8217; Olmos; la embajadora de Chile, B\u00e1rbara Figueroa Sandoval; la secretaria Internacional de Cooperaci\u00f3n y Migraciones de Comisiones Obreras de Espa\u00f1a, Cristina Faciaben; representantes de la CGT, CTA de los Trabajadores y Aut\u00f3noma y especialistas de la Uni\u00f3n Industrial Argentina (UIA), as\u00ed como de la Corriente de Abogados laboralistas &#8216;7 de Julio&#8217;.<\/p>\n<p>La idea de la comisi\u00f3n es impulsar un &#8220;di\u00e1logo tripartito con las instituciones invitadas a participar&#8221;, seg\u00fan se inform\u00f3.<\/p>\n<p>En una primera reuni\u00f3n de la comisi\u00f3n, en mayo pasado, Yasky hab\u00eda se\u00f1alado que la idea &#8220;es reducir horas en la jornada laboral de manera tal que en la semana se completen 40 horas de trabajo&#8221;.<\/p>\n<p>Por su parte, Ormaechea, diputada y dirigente de la Asociaci\u00f3n Bancaria, dijo que se &#8220;plantea una reducci\u00f3n a 36 horas&#8221;.<\/p>\n<p>&nbsp;<\/p>\n<p><strong>Para generar m\u00e1s empleo<\/strong><\/p>\n<p>En mayo pasado, en el marco de la conmemoraci\u00f3n del D\u00eda Internacional de los Trabajadores, la CGT se pronunci\u00f3 a favor de la reducci\u00f3n de la jornada de trabajo semanal, que actualmente es de 48 horas, al sostener que ese sistema ya es &#8220;una antig\u00fcedad&#8221;, y que hay que avanzar en la legislaci\u00f3n &#8220;como medio de generar m\u00e1s empleo y distribuir mejor el beneficio extraordinario del capital&#8221;.<\/p>\n<p>La ministra de Trabajo, Raquel &#8216;Kelly&#8217; Olmos, tambi\u00e9n se manifest\u00f3 en favor de la reducci\u00f3n de la jornada laboral y plante\u00f3 la posibilidad de que &#8220;se emita un despacho de consenso para que pueda aprobarse efectivamente esta iniciativa, que est\u00e1 alcanzando importantes niveles de acuerdo&#8221;.<\/p>\n<p>Fuentes parlamentarias del oficialismo adelantaron que &#8220;la idea es acordar un proyecto que contemple textos presentados por legisladores de varios bloques que podr\u00edan confluir en una iniciativa para llevar de 48 a 40 o 36 horas la jornada semanal, con lo que se busca mejorar la productividad y generar empleo&#8221;.<\/p>\n","protected":false},"excerpt":{"rendered":"<p>Analizar\u00e1n siete propuestas presentadas por Claudia Ormaechea, Hugo Yasky, Sergio Palazzo, Eduardo Vald\u00e9s y M\u00f3nica Litza- del oficialismo, por Enrique Estevez del socialismo y Nicol\u00e1s del Ca\u00f1o, del Frente de Izquierda &nbsp; &nbsp; La Comisi\u00f3n de Legislaci\u00f3n del Trabajo de la C\u00e1mara de Diputados debatir\u00e1 este martes un conjunto de proyectos de legisladores de diferentes bancadas que plantean la reducci\u00f3n de la jornada laboral. Durante la reuni\u00f3n de la comisi\u00f3n, que preside la diputada Vanesa Siley (Frente de Todos), prevista para las 13, se analizar\u00e1n siete expedientes sobre la reducci\u00f3n&#8230;<\/p>\n","protected":false},"author":3,"featured_media":108579,"comment_status":"closed","ping_status":"closed","sticky":false,"template":"","format":"standard","meta":[],"categories":[18],"tags":[],"_links":{"self":[{"href":"https:\/\/www.actualidadadiario.com\/index.php\/wp-json\/wp\/v2\/posts\/108578"}],"collection":[{"href":"https:\/\/www.actualidadadiario.com\/index.php\/wp-json\/wp\/v2\/posts"}],"about":[{"href":"https:\/\/www.actualidadadiario.com\/index.php\/wp-json\/wp\/v2\/types\/post"}],"author":[{"embeddable":true,"href":"https:\/\/www.actualidadadiario.com\/index.php\/wp-json\/wp\/v2\/users\/3"}],"replies":[{"embeddable":true,"href":"https:\/\/www.actualidadadiario.com\/index.php\/wp-json\/wp\/v2\/comments?post=108578"}],"version-history":[{"count":1,"href":"https:\/\/www.actualidadadiario.com\/index.php\/wp-json\/wp\/v2\/posts\/108578\/revisions"}],"predecessor-version":[{"id":108580,"href":"https:\/\/www.actualidadadiario.com\/index.php\/wp-json\/wp\/v2\/posts\/108578\/revisions\/108580"}],"wp:featuredmedia":[{"embeddable":true,"href":"https:\/\/www.actualidadadiario.com\/index.php\/wp-json\/wp\/v2\/media\/108579"}],"wp:attachment":[{"href":"https:\/\/www.actualidadadiario.com\/index.php\/wp-json\/wp\/v2\/media?parent=108578"}],"wp:term":[{"taxonomy":"category","embeddable":true,"href":"https:\/\/www.actualidadadiario.com\/index.php\/wp-json\/wp\/v2\/categories?post=108578"},{"taxonomy":"post_tag","embeddable":true,"href":"https:\/\/www.actualidadadiario.com\/index.php\/wp-json\/wp\/v2\/tags?post=108578"}],"curies":[{"name":"wp","href":"https:\/\/api.w.org\/{rel}","templated":true}]}}