{"id":108575,"date":"2023-09-26T12:19:43","date_gmt":"2023-09-26T15:19:43","guid":{"rendered":"https:\/\/www.actualidadadiario.com\/?p=108575"},"modified":"2023-09-26T12:19:43","modified_gmt":"2023-09-26T15:19:43","slug":"bullrich-detuvo-las-gambetas-de-larreta-y-lo-mete-en-su-campana","status":"publish","type":"post","link":"https:\/\/www.actualidadadiario.com\/index.php\/2023\/09\/26\/bullrich-detuvo-las-gambetas-de-larreta-y-lo-mete-en-su-campana\/","title":{"rendered":"Bullrich detuvo las gambetas de Larreta y lo mete en su campa\u00f1a"},"content":{"rendered":"<p style=\"text-align: center;\"><em><strong>En medio de rumores de cargos, el jefe de Gobierno compartir\u00e1 caravana con la candidata presidencial, el postulante a la gobernaci\u00f3n bonaerense, N\u00e9stor Grindettti, y su competidor de interna, Diego Santilli. Planes a futuro, el factor Milei y el radicalismo en \u00e9pocas de definici\u00f3n<\/strong><\/em><\/p>\n<p>&nbsp;<\/p>\n<p>&nbsp;<\/p>\n<p>Patricia Bullrich y Horacio Rodr\u00edguez Larreta tendr\u00e1n su primera actividad de campa\u00f1a conjunta a bordo de la camioneta casa rodante con la que la candidata decidi\u00f3 recorrer el pa\u00eds para sumar kilometraje y votos de cara a las elecciones 2023. Ser\u00e1 en la siempre codiciada provincia de Buenos Aires junto a N\u00e9stor Grindetti y Diego Santilli, pr\u00e1cticamente empatados en las PASO, con buena sinton\u00eda entre ambos para sostener el caudal de votos de la alianza en el distrito. A media ma\u00f1ana ya se los ver\u00e1 dando vueltas por la zona sur, donde Grindetti juega de local. Lan\u00fas ser\u00e1 uno de los destinos, pero tambi\u00e9n Lomas de Zamora apareci\u00f3 en el itinerario que, adem\u00e1s, tiene a Almirante Brown como otro punto a visitar. Ser\u00e1 una jugada para ordenar la tropa.<\/p>\n<p>&nbsp;<\/p>\n<p><strong>El rol de Jefe de Gobierno <\/strong><\/p>\n<p>Larreta se puso a entera disposici\u00f3n de la campa\u00f1a de Bullrich, ella y su equipo son los que conducen y \u00e9l uno de los que acompa\u00f1an. Hasta el momento, el problema radic\u00f3 en la falta de convocatoria a participar activamente. El jefe de Gobierno no se dedic\u00f3 a recorrer bajo la consigna \u201cPatricia presidente\u201d pero, cuando tuvo la oportunidad, manifest\u00f3 su voluntad de que ella triunfe.<\/p>\n<p>Bajo esa din\u00e1mica, las convocatorias a su figura ir\u00e1n surgiendo. No aparecieron involucradas en un temario finamente planificado sino como parte de una campa\u00f1a viva que va modific\u00e1ndose seg\u00fan las circunstancias. Por lo tanto, mientras el alcalde espera a ser llamado a participar, tambi\u00e9n se plantea objetivos personales. Hasta el 10 de diciembre, cuando se retire de la funci\u00f3n p\u00fablica moment\u00e1neamente, har\u00e1 foco en la gesti\u00f3n para cerrar su gobierno en la Ciudad con una buena imagen. Su intenci\u00f3n es quedar como el l\u00edder que logr\u00f3 la transformaci\u00f3n m\u00e1s importante de la Capital Federal, o una de las m\u00e1s destacadas al menos.<\/p>\n<p>En paralelo, qued\u00f3 a disposici\u00f3n de las campa\u00f1as de Bullrich y de Jorge Macri en la Ciudad para que los dos triunfen el 22 de octubre o, en caso de no llegar, en balotaje. El primo de Mauricio empez\u00f3 a tener actitudes de firmeza despu\u00e9s de ganadas las PASO. El corrimiento de Mar\u00eda Migliore, ex ministra de Desarrollo Social muy cercana a Larreta, fue el llamado de atenci\u00f3n m\u00e1s potente.<\/p>\n<p>Macri no quiere darle lugar a quienes, aliados con Horacio, le dieron su apoyo a Mart\u00edn Lousteau en la PASO porte\u00f1a o colaboraron con estructura y caminatas. Hay, adem\u00e1s del de Migliore, otros nombres en la lista de funcionarios que no continuar\u00edan pero probablemente se trate de casos puntuales y el larretismo siga con influencia en la CABA. La vice de Jorge, dicen los halcones, es ministra de Larreta. Lo que no dicen es que es amiga y esposa de un amigo del candidato a la jefatura de Gobierno.<\/p>\n<p>&nbsp;<\/p>\n<p><strong>El futuro rol\u00a0 <\/strong><\/p>\n<p>La nueva etapa para Horacio llegar\u00e1 el 11 de diciembre. Lejos de retirarse de la pol\u00edtica, el actual alcalde capitalino buscar\u00e1 volver lo antes posible, pero la construcci\u00f3n podr\u00eda ser desde el llano. Por ahora, los n\u00fameros decidieron no acompa\u00f1ar a Juntos por el Cambio, lo que dificult\u00f3, incluso, encontrar espacios que ocupar en un eventual gobierno. Pero el futuro no est\u00e1 definido para Larreta. En principio, se armar\u00e1 desde afuera.<\/p>\n<p>Una diferencia clave con una amiga suya, como Mar\u00eda Eugenia Vidal, que despu\u00e9s de la derrota en 2019 decidi\u00f3 desaparecer del mapa y reci\u00e9n retornar dos a\u00f1os m\u00e1s tarde, a pedido de Horacio, para ocupar una banca en Diputados que, hasta el momento, no la encontr\u00f3 en un lugar destacado. Larreta intentar\u00e1 no perder casilleros. \u00bfPodr\u00eda ser candidato a diputado o a senador por la CABA en 2027? En las \u00faltimas horas, sin embargo, circul\u00f3 el rumor de un ofrecimiento de un cargo relevante en la estructura de un eventual gobierno. Esta versi\u00f3n fue desconocida desde ambos sectores.<\/p>\n<p>Por ahora, el futuro inmediato lo encontrar\u00e1 en la Patoneta junto a su amigo fiel, Diego Santilli y los candidatos bullrichistas. Santilli y Grindetti tienen una buena relaci\u00f3n. El domingo cenaron en un restaurante de Palermo, cerca de un estudio de televisi\u00f3n, porque el alcalde de Lan\u00fas ten\u00eda una entrevista. Lo esper\u00f3 y salieron a comer. En la mesa estuvieron, adem\u00e1s, Agust\u00edn Forchieri y Adri\u00e1n Urreli, armadores de los dirigentes que buscaron la gobernaci\u00f3n dentro de Juntos por el Cambio. Por lo tanto, fue una reuni\u00f3n estrat\u00e9gica en la que conversaron la chance de hacer participaciones conjuntas en medios de comunicaci\u00f3n y nuevas actividades sobre todo vinculadas a la seguridad, un \u00e1rea que Santilli conoce bien.<\/p>\n<p>&nbsp;<\/p>\n<p><strong>La estrategia de JxC<\/strong><\/p>\n<p>Buenos Aires ser\u00e1 una de las grandes joyas a buscar por Juntos por el Cambio. Seg\u00fan como se lea, la alianza qued\u00f3 segunda como conjunto o tercera individualmente. Por supuesto, la oposici\u00f3n decidi\u00f3 tomar la primera versi\u00f3n aunque los votos no sean de nadie y nadie pueda asegurar el traspaso lineal de los mismos. Por ejemplo, Larreta le dejar\u00e1 una buena parte a Patricia pero otro fragmento se dividir\u00e1 entre Javier Milei y Sergio Massa, algo letal en comicios tan ajustados. Por eso la hiperactividad de Santilli.<\/p>\n<p>El misterio bonaerense no se develar\u00e1 hasta el d\u00eda de las elecciones nacionales, lo mismo en Entre R\u00edos \u2013donde JxC pens\u00f3 que la podr\u00eda tener f\u00e1cil y se complejiz\u00f3-, en Catamarca y la Capital Federal. El resto del pa\u00eds ya eligi\u00f3 y el mapa nacional se particion\u00f3 a\u00fan m\u00e1s, mostrando un crecimiento del PRO pero una mayor expansi\u00f3n de la UCR, que nuevamente quiere mayor protagonismo.<\/p>\n<p>El radicalismo gan\u00f3 en Mendoza, Jujuy, Santa Fe, Chaco y todav\u00eda mantiene Corrientes. El PRO hasta ahora garantiz\u00f3 Chubut, quiere triunfar en primera vuelta en la CABA y quedarse con Entre R\u00edos. Luego, la alianza celebr\u00f3 con victorias de aliados, como en San Juan, San Luis, Santa Cruz o Neuqu\u00e9n, pero el fantasma Milei podr\u00eda trastocar las caras de felicidad.<\/p>\n<p>&nbsp;<\/p>\n<p><strong>Las tensiones del radicalismo\u00a0\u00a0 <\/strong><\/p>\n<p>Como cada vez que el partido centenario se predispone a cambiar autoridades, la UCR empez\u00f3 a replantearse el rol dentro de JxC. Con m\u00e1s provincias y distritos que el PRO, \u00bfpor qu\u00e9 seguir siendo el furg\u00f3n de cola de un macrismo que probablemente se divida? Si la alianza no llega al balotaje y Mauricio apoya a Milei para que pierda el peronismo, \u00bflos boinas blancas acompa\u00f1ar\u00e1n? Emiliano Yacobitti, del espacio de Mart\u00edn Lousteau, ya dijo que no.<\/p>\n<p>Por eso Gerardo Morales apunt\u00f3 contra Mauricio y el \u201cda\u00f1o\u201d que le hizo a la alianza al poner en duda su apoyo. O al no aclararlo lo suficiente. El macrismo de Macri rechaza estas acusaciones. Para ellos, el ex presidente siempre apoy\u00f3 a Patricia y los rumores en sentido contrario fueron s\u00f3lo una construcci\u00f3n de sus inseguridades. Ahora, con un poco m\u00e1s de \u00e9nfasis, sali\u00f3 a cruzar al libertario por su falta de estructura, pero no de ideas. Dejando la puerta abierta.<\/p>\n<p>Seg\u00fan un relevamiento que hizo El Destape entre distintos dirigentes de todo el pa\u00eds, la alianza no estar\u00eda unificada para un escenario semejante. Muchos se inclinar\u00e1n por Uni\u00f3n por la Patria, sobre todo quienes entienden que la democracia est\u00e1 en juego. Pero otros podr\u00edan ir con el libertario. Se arriesg\u00f3 a pensar que el PRO sufrir\u00eda el golpe m\u00e1s que otros. Eso depender\u00e1 de c\u00f3mo y qui\u00e9n conduzca a la UCR.<\/p>\n<p>Gustavo Vald\u00e9s apareci\u00f3 como el indicado para cerrar la grieta radical. Mart\u00edn Lousteau para generar cierta renovaci\u00f3n. Los dos, con alguna victoria bajo el brazo. El correntino, m\u00e1s liberado, con buen v\u00ednculo con la vieja guardia y con el Grupo Malbec, tambi\u00e9n de lazos con los \u201cnuevos\u201d dirigentes. El porte\u00f1o, con debilidad num\u00e9rica. Alfredo Cornejo, con el \u00faltimo empuj\u00f3n provincial.<\/p>\n<p>Mendoza, Chaco y Santa Fe, las tres \u00faltimas elecciones antes de las presidenciales, tuvieron triunfos de la UCR que festej\u00f3 la UCR pero, sobre todo, el PRO. El radicalismo deber\u00e1 hacer valer esas victorias como propias para marcar l\u00edmites ante eventuales alianzas, como lo hizo en su momento al rechazar la incorporaci\u00f3n de Milei. Esas tres provincias hab\u00edan sido ganadas, tambi\u00e9n, antes de las PASO y el viento a favor no llev\u00f3 a Bullrich m\u00e1s all\u00e1 de un tercer lugar en materia individual.<\/p>\n","protected":false},"excerpt":{"rendered":"<p>En medio de rumores de cargos, el jefe de Gobierno compartir\u00e1 caravana con la candidata presidencial, el postulante a la gobernaci\u00f3n bonaerense, N\u00e9stor Grindettti, y su competidor de interna, Diego Santilli. Planes a futuro, el factor Milei y el radicalismo en \u00e9pocas de definici\u00f3n &nbsp; &nbsp; Patricia Bullrich y Horacio Rodr\u00edguez Larreta tendr\u00e1n su primera actividad de campa\u00f1a conjunta a bordo de la camioneta casa rodante con la que la candidata decidi\u00f3 recorrer el pa\u00eds para sumar kilometraje y votos de cara a las elecciones 2023. Ser\u00e1 en la siempre&#8230;<\/p>\n","protected":false},"author":3,"featured_media":106869,"comment_status":"closed","ping_status":"closed","sticky":false,"template":"","format":"standard","meta":[],"categories":[18],"tags":[],"_links":{"self":[{"href":"https:\/\/www.actualidadadiario.com\/index.php\/wp-json\/wp\/v2\/posts\/108575"}],"collection":[{"href":"https:\/\/www.actualidadadiario.com\/index.php\/wp-json\/wp\/v2\/posts"}],"about":[{"href":"https:\/\/www.actualidadadiario.com\/index.php\/wp-json\/wp\/v2\/types\/post"}],"author":[{"embeddable":true,"href":"https:\/\/www.actualidadadiario.com\/index.php\/wp-json\/wp\/v2\/users\/3"}],"replies":[{"embeddable":true,"href":"https:\/\/www.actualidadadiario.com\/index.php\/wp-json\/wp\/v2\/comments?post=108575"}],"version-history":[{"count":1,"href":"https:\/\/www.actualidadadiario.com\/index.php\/wp-json\/wp\/v2\/posts\/108575\/revisions"}],"predecessor-version":[{"id":108576,"href":"https:\/\/www.actualidadadiario.com\/index.php\/wp-json\/wp\/v2\/posts\/108575\/revisions\/108576"}],"wp:featuredmedia":[{"embeddable":true,"href":"https:\/\/www.actualidadadiario.com\/index.php\/wp-json\/wp\/v2\/media\/106869"}],"wp:attachment":[{"href":"https:\/\/www.actualidadadiario.com\/index.php\/wp-json\/wp\/v2\/media?parent=108575"}],"wp:term":[{"taxonomy":"category","embeddable":true,"href":"https:\/\/www.actualidadadiario.com\/index.php\/wp-json\/wp\/v2\/categories?post=108575"},{"taxonomy":"post_tag","embeddable":true,"href":"https:\/\/www.actualidadadiario.com\/index.php\/wp-json\/wp\/v2\/tags?post=108575"}],"curies":[{"name":"wp","href":"https:\/\/api.w.org\/{rel}","templated":true}]}}