{"id":108569,"date":"2023-09-26T12:13:58","date_gmt":"2023-09-26T15:13:58","guid":{"rendered":"https:\/\/www.actualidadadiario.com\/?p=108569"},"modified":"2023-09-26T12:13:58","modified_gmt":"2023-09-26T15:13:58","slug":"alberto-fernandez-viajara-a-china-antes-de-las-elecciones","status":"publish","type":"post","link":"https:\/\/www.actualidadadiario.com\/index.php\/2023\/09\/26\/alberto-fernandez-viajara-a-china-antes-de-las-elecciones\/","title":{"rendered":"Alberto Fern\u00e1ndez viajar\u00e1 a China antes de las elecciones"},"content":{"rendered":"<p style=\"text-align: center;\"><em><strong>As\u00ed lo confirm\u00f3 el canciller Santiago Cafiero. Ser\u00e1 parte del Tercer Foro de la Franja y la Ruta para la Cooperaci\u00f3n Internacional<\/strong><\/em><\/p>\n<p>&nbsp;<\/p>\n<p>&nbsp;<\/p>\n<p>El presidente Alberto Fern\u00e1ndez viajar\u00e1 a China para asistir al Tercer Foro de la Franja y la Ruta para la Cooperaci\u00f3n Internacional, que se llevar\u00e1 a cabo entre el 17 y 18 de octubre, en Beijing.<\/p>\n<p>El anuncio lo hizo el canciller Santiago Cafiero luego de recibir al nuevo embajador del gigante asi\u00e1tico, Wang Wei. El mandatario nacional representar\u00e1 a la Argentina, por invitaci\u00f3n de su par Xi Jinping, y compartir\u00e1 el evento con miembros de m\u00e1s de 110 pa\u00edses.<\/p>\n<p>Acompa\u00f1ado de la secretaria de Relaciones Econ\u00f3micas Internacionales, Cecilia Todesca Bocco, Cafiero destac\u00f3 la importancia de agilizar los procesos de apertura de mercado para productos argentinos, ya que China es el segundo socio comercial y el segundo destino para exportaciones argentinas.<\/p>\n<p>Por otro lado, se\u00f1al\u00f3 que es relevante avanzar en proyectos de financiaci\u00f3n para obras de infraestructura para contribuir con la integraci\u00f3n territorial de las econom\u00edas regionales y el resto de los mercados del mundo.<\/p>\n<p>Ante esto, mencion\u00f3 que la inclusi\u00f3n de la Argentina a la Franja y la Ruta de la Seda beneficia al comercio, las inversiones y el desarrollo nacional.<\/p>\n<p>&nbsp;<\/p>\n<p><strong>El \u00faltimo viaje a China<\/strong><\/p>\n<p>El \u00faltimo viaje de Alberto Fern\u00e1ndez viaj\u00f3 a China fue en febrero de 2022, en Beijing. Entonces firm\u00f3 con Xi Jinping un Memorando de Entendimiento sobre la Iniciativa de la Franja y la Ruta.<\/p>\n<p>En junio de este a\u00f1o, autoridades de ambos pa\u00edses se encargaron de firmar un plan en la capital china para promover su desarrollo.<\/p>\n","protected":false},"excerpt":{"rendered":"<p>As\u00ed lo confirm\u00f3 el canciller Santiago Cafiero. Ser\u00e1 parte del Tercer Foro de la Franja y la Ruta para la Cooperaci\u00f3n Internacional &nbsp; &nbsp; El presidente Alberto Fern\u00e1ndez viajar\u00e1 a China para asistir al Tercer Foro de la Franja y la Ruta para la Cooperaci\u00f3n Internacional, que se llevar\u00e1 a cabo entre el 17 y 18 de octubre, en Beijing. El anuncio lo hizo el canciller Santiago Cafiero luego de recibir al nuevo embajador del gigante asi\u00e1tico, Wang Wei. El mandatario nacional representar\u00e1 a la Argentina, por invitaci\u00f3n de su&#8230;<\/p>\n","protected":false},"author":3,"featured_media":108570,"comment_status":"closed","ping_status":"closed","sticky":false,"template":"","format":"standard","meta":[],"categories":[18],"tags":[],"_links":{"self":[{"href":"https:\/\/www.actualidadadiario.com\/index.php\/wp-json\/wp\/v2\/posts\/108569"}],"collection":[{"href":"https:\/\/www.actualidadadiario.com\/index.php\/wp-json\/wp\/v2\/posts"}],"about":[{"href":"https:\/\/www.actualidadadiario.com\/index.php\/wp-json\/wp\/v2\/types\/post"}],"author":[{"embeddable":true,"href":"https:\/\/www.actualidadadiario.com\/index.php\/wp-json\/wp\/v2\/users\/3"}],"replies":[{"embeddable":true,"href":"https:\/\/www.actualidadadiario.com\/index.php\/wp-json\/wp\/v2\/comments?post=108569"}],"version-history":[{"count":1,"href":"https:\/\/www.actualidadadiario.com\/index.php\/wp-json\/wp\/v2\/posts\/108569\/revisions"}],"predecessor-version":[{"id":108571,"href":"https:\/\/www.actualidadadiario.com\/index.php\/wp-json\/wp\/v2\/posts\/108569\/revisions\/108571"}],"wp:featuredmedia":[{"embeddable":true,"href":"https:\/\/www.actualidadadiario.com\/index.php\/wp-json\/wp\/v2\/media\/108570"}],"wp:attachment":[{"href":"https:\/\/www.actualidadadiario.com\/index.php\/wp-json\/wp\/v2\/media?parent=108569"}],"wp:term":[{"taxonomy":"category","embeddable":true,"href":"https:\/\/www.actualidadadiario.com\/index.php\/wp-json\/wp\/v2\/categories?post=108569"},{"taxonomy":"post_tag","embeddable":true,"href":"https:\/\/www.actualidadadiario.com\/index.php\/wp-json\/wp\/v2\/tags?post=108569"}],"curies":[{"name":"wp","href":"https:\/\/api.w.org\/{rel}","templated":true}]}}