{"id":108563,"date":"2023-09-26T12:07:48","date_gmt":"2023-09-26T15:07:48","guid":{"rendered":"https:\/\/www.actualidadadiario.com\/?p=108563"},"modified":"2023-09-26T12:07:48","modified_gmt":"2023-09-26T15:07:48","slug":"procrear-ii-este-martes-se-sortean-viviendas-y-lotes-con-servicios","status":"publish","type":"post","link":"https:\/\/www.actualidadadiario.com\/index.php\/2023\/09\/26\/procrear-ii-este-martes-se-sortean-viviendas-y-lotes-con-servicios\/","title":{"rendered":"Procrear II: este martes se sortean viviendas y lotes con servicios"},"content":{"rendered":"<p style=\"text-align: center;\"><em><strong>El Ministerio de Desarrollo Territorial y H\u00e1bitat que conduce Santiago Maggiotti anunci\u00f3 que este martes 26\/09, a las 15:15, y con televisaci\u00f3n en directo de la TV P\u00fablica, se realizar\u00e1 el sorteo de las l\u00edneas Desarrollos Urban\u00edsticos y Lotes con Servicios de Procrear II<\/strong><\/em><\/p>\n<p>&nbsp;<\/p>\n<p>&nbsp;<\/p>\n<p>Este sorteo electr\u00f3nico ser\u00e1 supervisado por escribano p\u00fablico para garantizar su total transparencia. Adem\u00e1s, se espera que durante la transmisi\u00f3n el ministro Maggiotti realice importantes anuncios de cara a la reapertura de inscripciones en ambas l\u00edneas Procrear II.<\/p>\n<p>Cabe destacar que los resultados ser\u00e1n publicados dentro de las 72 horas posteriores al sorteo en https:\/\/www.argentina.gob.ar\/habitat\/resultados, y recordar que los ganadores podr\u00e1n iniciar el proceso de conformaci\u00f3n de cr\u00e9dito, lo que no asegura autom\u00e1ticamente su adjudicaci\u00f3n, ya que ello estar\u00e1 sujeto al cumplimiento de las pol\u00edticas y condiciones crediticias.<\/p>\n<p>De esta manera, el Gobierno Nacional sigue adelante con su compromiso de acercar soluciones habitacionales y cumplirle el sue\u00f1o de la casa propia a cada vez m\u00e1s familias argentinas en todo el pa\u00eds.<\/p>\n","protected":false},"excerpt":{"rendered":"<p>El Ministerio de Desarrollo Territorial y H\u00e1bitat que conduce Santiago Maggiotti anunci\u00f3 que este martes 26\/09, a las 15:15, y con televisaci\u00f3n en directo de la TV P\u00fablica, se realizar\u00e1 el sorteo de las l\u00edneas Desarrollos Urban\u00edsticos y Lotes con Servicios de Procrear II &nbsp; &nbsp; Este sorteo electr\u00f3nico ser\u00e1 supervisado por escribano p\u00fablico para garantizar su total transparencia. Adem\u00e1s, se espera que durante la transmisi\u00f3n el ministro Maggiotti realice importantes anuncios de cara a la reapertura de inscripciones en ambas l\u00edneas Procrear II. Cabe destacar que los resultados ser\u00e1n&#8230;<\/p>\n","protected":false},"author":3,"featured_media":101661,"comment_status":"closed","ping_status":"closed","sticky":false,"template":"","format":"standard","meta":[],"categories":[2],"tags":[],"_links":{"self":[{"href":"https:\/\/www.actualidadadiario.com\/index.php\/wp-json\/wp\/v2\/posts\/108563"}],"collection":[{"href":"https:\/\/www.actualidadadiario.com\/index.php\/wp-json\/wp\/v2\/posts"}],"about":[{"href":"https:\/\/www.actualidadadiario.com\/index.php\/wp-json\/wp\/v2\/types\/post"}],"author":[{"embeddable":true,"href":"https:\/\/www.actualidadadiario.com\/index.php\/wp-json\/wp\/v2\/users\/3"}],"replies":[{"embeddable":true,"href":"https:\/\/www.actualidadadiario.com\/index.php\/wp-json\/wp\/v2\/comments?post=108563"}],"version-history":[{"count":1,"href":"https:\/\/www.actualidadadiario.com\/index.php\/wp-json\/wp\/v2\/posts\/108563\/revisions"}],"predecessor-version":[{"id":108564,"href":"https:\/\/www.actualidadadiario.com\/index.php\/wp-json\/wp\/v2\/posts\/108563\/revisions\/108564"}],"wp:featuredmedia":[{"embeddable":true,"href":"https:\/\/www.actualidadadiario.com\/index.php\/wp-json\/wp\/v2\/media\/101661"}],"wp:attachment":[{"href":"https:\/\/www.actualidadadiario.com\/index.php\/wp-json\/wp\/v2\/media?parent=108563"}],"wp:term":[{"taxonomy":"category","embeddable":true,"href":"https:\/\/www.actualidadadiario.com\/index.php\/wp-json\/wp\/v2\/categories?post=108563"},{"taxonomy":"post_tag","embeddable":true,"href":"https:\/\/www.actualidadadiario.com\/index.php\/wp-json\/wp\/v2\/tags?post=108563"}],"curies":[{"name":"wp","href":"https:\/\/api.w.org\/{rel}","templated":true}]}}