{"id":108556,"date":"2023-09-26T12:04:51","date_gmt":"2023-09-26T15:04:51","guid":{"rendered":"https:\/\/www.actualidadadiario.com\/?p=108556"},"modified":"2023-09-26T12:04:51","modified_gmt":"2023-09-26T15:04:51","slug":"la-afip-reglamento-la-prorroga-del-vencimiento-de-obligaciones-para-autonomos","status":"publish","type":"post","link":"https:\/\/www.actualidadadiario.com\/index.php\/2023\/09\/26\/la-afip-reglamento-la-prorroga-del-vencimiento-de-obligaciones-para-autonomos\/","title":{"rendered":"La AFIP reglament\u00f3 la pr\u00f3rroga del vencimiento de obligaciones para aut\u00f3nomos"},"content":{"rendered":"<p style=\"text-align: center;\"><em><strong>Son vencimientos correspondientes a septiembre, octubre, noviembre y diciembre de este a\u00f1o<\/strong><\/em><\/p>\n<p>&nbsp;<\/p>\n<p>&nbsp;<\/p>\n<p>La AFIP reglament\u00f3 la pr\u00f3rroga del vencimiento de las obligaciones de pago de los trabajadores aut\u00f3nomos, que ahora operar\u00e1 entre marzo y abril del a\u00f1o que viene. La decisi\u00f3n se formaliz\u00f3 por medio de la Resoluci\u00f3n General 5422\/2023, publicada este martes en el Bolet\u00edn Oficial.<\/p>\n<p>De esta forma, el vencimiento del aporte personal de los trabajadores aut\u00f3nomos correspondiente a septiembre y octubre, cualquiera fuera la categor\u00eda, se posterga hasta el 5 de marzo de 2024 para las CUIT terminadas en 0, 1, 2 y 3; 6 de marzo para 4, 5 y 6; y 7 de marzo, para 7, 8 y 9.<\/p>\n<p>Para esas obligaciones pero de noviembre y diciembre, los vencimientos ser\u00e1n el 5, el 8 y el 9 de abril del a\u00f1o pr\u00f3ximo, de acuerdo con las mismas terminaciones de CUIT.<\/p>\n<p>En cuanto al IVA a ingresar en este mes y en octubre, su vencimiento pasa para el 18 de marzo de 2024 para las CUIT que finalizan en 0 y 1; el 19 de marzo, para 2 y 3; 20 de marzo, 4 y 5; 21 de marzo, 6 y 7; y 22 de marzo, 8 y 9.<\/p>\n<p>Para los pagos de noviembre y diciembre, las nuevas fechas son el 18 de abril para CUIT con terminaci\u00f3n en 0 y 1; 19 de abril, 2 y 3; 22 de abril, 4 y 5; 23 de abril, 6 y 7; y 24 de abril, 8 y 9.<\/p>\n<p>La AFIP record\u00f3 que por medio de una resoluci\u00f3n del Ministerio de Econom\u00eda publicada el jueves \u00faltimo, se le encomend\u00f3 prorrogar el vencimiento de las obligaciones de pago del aporte personal de los trabajadores aut\u00f3nomos y del IVA correspondientes a septiembre, octubre, noviembre y diciembre de este a\u00f1o. Por ese motivo, sostuvo que ahora &#8220;corresponde reglamentar el aludido beneficio&#8221;.<\/p>\n<p>Adem\u00e1s, indic\u00f3 que &#8220;la necesidad de realizar adecuaciones sist\u00e9micas que permitan el cobro mediante el d\u00e9bito directo en cuenta bancaria o d\u00e9bito autom\u00e1tico en tarjeta de cr\u00e9dito, conllevan a establecer una fecha de vencimiento especial para el ingreso del aporte personal de los trabajadores aut\u00f3nomos correspondiente a septiembre de 2023, respecto de los sujetos exceptuados del beneficio&#8221;.<\/p>\n","protected":false},"excerpt":{"rendered":"<p>Son vencimientos correspondientes a septiembre, octubre, noviembre y diciembre de este a\u00f1o &nbsp; &nbsp; La AFIP reglament\u00f3 la pr\u00f3rroga del vencimiento de las obligaciones de pago de los trabajadores aut\u00f3nomos, que ahora operar\u00e1 entre marzo y abril del a\u00f1o que viene. La decisi\u00f3n se formaliz\u00f3 por medio de la Resoluci\u00f3n General 5422\/2023, publicada este martes en el Bolet\u00edn Oficial. De esta forma, el vencimiento del aporte personal de los trabajadores aut\u00f3nomos correspondiente a septiembre y octubre, cualquiera fuera la categor\u00eda, se posterga hasta el 5 de marzo de 2024 para&#8230;<\/p>\n","protected":false},"author":3,"featured_media":81140,"comment_status":"closed","ping_status":"closed","sticky":false,"template":"","format":"standard","meta":[],"categories":[2],"tags":[],"_links":{"self":[{"href":"https:\/\/www.actualidadadiario.com\/index.php\/wp-json\/wp\/v2\/posts\/108556"}],"collection":[{"href":"https:\/\/www.actualidadadiario.com\/index.php\/wp-json\/wp\/v2\/posts"}],"about":[{"href":"https:\/\/www.actualidadadiario.com\/index.php\/wp-json\/wp\/v2\/types\/post"}],"author":[{"embeddable":true,"href":"https:\/\/www.actualidadadiario.com\/index.php\/wp-json\/wp\/v2\/users\/3"}],"replies":[{"embeddable":true,"href":"https:\/\/www.actualidadadiario.com\/index.php\/wp-json\/wp\/v2\/comments?post=108556"}],"version-history":[{"count":1,"href":"https:\/\/www.actualidadadiario.com\/index.php\/wp-json\/wp\/v2\/posts\/108556\/revisions"}],"predecessor-version":[{"id":108557,"href":"https:\/\/www.actualidadadiario.com\/index.php\/wp-json\/wp\/v2\/posts\/108556\/revisions\/108557"}],"wp:featuredmedia":[{"embeddable":true,"href":"https:\/\/www.actualidadadiario.com\/index.php\/wp-json\/wp\/v2\/media\/81140"}],"wp:attachment":[{"href":"https:\/\/www.actualidadadiario.com\/index.php\/wp-json\/wp\/v2\/media?parent=108556"}],"wp:term":[{"taxonomy":"category","embeddable":true,"href":"https:\/\/www.actualidadadiario.com\/index.php\/wp-json\/wp\/v2\/categories?post=108556"},{"taxonomy":"post_tag","embeddable":true,"href":"https:\/\/www.actualidadadiario.com\/index.php\/wp-json\/wp\/v2\/tags?post=108556"}],"curies":[{"name":"wp","href":"https:\/\/api.w.org\/{rel}","templated":true}]}}