{"id":108547,"date":"2023-09-26T12:02:06","date_gmt":"2023-09-26T15:02:06","guid":{"rendered":"https:\/\/www.actualidadadiario.com\/?p=108547"},"modified":"2023-09-26T12:02:06","modified_gmt":"2023-09-26T15:02:06","slug":"una-vacuna-argentina-contra-el-cancer-de-piel-demostro-una-alta-eficacia-para-los-casos-mas-graves","status":"publish","type":"post","link":"https:\/\/www.actualidadadiario.com\/index.php\/2023\/09\/26\/una-vacuna-argentina-contra-el-cancer-de-piel-demostro-una-alta-eficacia-para-los-casos-mas-graves\/","title":{"rendered":"Una vacuna argentina contra el c\u00e1ncer de piel demostr\u00f3 una alta eficacia para los casos m\u00e1s graves"},"content":{"rendered":"<p style=\"text-align: center;\"><em><strong>Un equipo conformado por profesionales de la Fundaci\u00f3n Sales e investigadores del Conicet cre\u00f3 una vacuna destinada a pacientes con melanoma que demostr\u00f3 una alta eficacia en los ensayos cl\u00ednicos realizados con pacientes de nuestro pa\u00eds<\/strong><\/em><\/p>\n<p>&nbsp;<\/p>\n<p>&nbsp;<\/p>\n<p>En la Argentina se registran entre 1200 y 1500 casos de melanoma por a\u00f1o, y unas 600 muertes para los casos m\u00e1s graves. Seg\u00fan el director ejecutivo de Sales, Arturo Prins, el equipo de investigaci\u00f3n liderado por Jos\u00e9 Mordoh viene trabajando hace 35 a\u00f1os en el desarrollo de esta vacuna, que ya ha sido aprobada por la Administraci\u00f3n Nacional de Medicamentos, Alimentos y Tecnolog\u00eda M\u00e9dica (Anmat) por lo que podr\u00eda estar disponible en los pr\u00f3ximos meses.<\/p>\n<p>Prins destaca que esta vacuna contra el melanoma, que ser\u00e1 producida por el laboratorio Pablo Cassar\u00e1 en Argentina, demostr\u00f3 una alta eficacia en ensayos cl\u00ednicos realizados con pacientes argentinos.<\/p>\n<p>La vacuna no es preventiva y est\u00e1 destinada a pacientes con la enfermedad. Mordoh, quien fue disc\u00edpulo del premio Nobel argentino Luis Leloir, apunta ahora a incrementar a\u00fan m\u00e1s su eficacia, a potenciar el efecto de otras terapias contra el melanoma y a poder aplicarla a otros c\u00e1nceres.<\/p>\n<p>Esta vacuna terap\u00e9utica se aplica en el inicio de la enfermedad para que el melanoma no se agrave. Es \u00fanica en el mundo por el aumento que logra del n\u00famero y variedad de linfocitos de nuestro sistema inmunol\u00f3gico para atacar las c\u00e9lulas tumorales.<\/p>\n","protected":false},"excerpt":{"rendered":"<p>Un equipo conformado por profesionales de la Fundaci\u00f3n Sales e investigadores del Conicet cre\u00f3 una vacuna destinada a pacientes con melanoma que demostr\u00f3 una alta eficacia en los ensayos cl\u00ednicos realizados con pacientes de nuestro pa\u00eds &nbsp; &nbsp; En la Argentina se registran entre 1200 y 1500 casos de melanoma por a\u00f1o, y unas 600 muertes para los casos m\u00e1s graves. Seg\u00fan el director ejecutivo de Sales, Arturo Prins, el equipo de investigaci\u00f3n liderado por Jos\u00e9 Mordoh viene trabajando hace 35 a\u00f1os en el desarrollo de esta vacuna, que ya&#8230;<\/p>\n","protected":false},"author":3,"featured_media":108548,"comment_status":"closed","ping_status":"closed","sticky":false,"template":"","format":"standard","meta":[],"categories":[9],"tags":[],"_links":{"self":[{"href":"https:\/\/www.actualidadadiario.com\/index.php\/wp-json\/wp\/v2\/posts\/108547"}],"collection":[{"href":"https:\/\/www.actualidadadiario.com\/index.php\/wp-json\/wp\/v2\/posts"}],"about":[{"href":"https:\/\/www.actualidadadiario.com\/index.php\/wp-json\/wp\/v2\/types\/post"}],"author":[{"embeddable":true,"href":"https:\/\/www.actualidadadiario.com\/index.php\/wp-json\/wp\/v2\/users\/3"}],"replies":[{"embeddable":true,"href":"https:\/\/www.actualidadadiario.com\/index.php\/wp-json\/wp\/v2\/comments?post=108547"}],"version-history":[{"count":1,"href":"https:\/\/www.actualidadadiario.com\/index.php\/wp-json\/wp\/v2\/posts\/108547\/revisions"}],"predecessor-version":[{"id":108549,"href":"https:\/\/www.actualidadadiario.com\/index.php\/wp-json\/wp\/v2\/posts\/108547\/revisions\/108549"}],"wp:featuredmedia":[{"embeddable":true,"href":"https:\/\/www.actualidadadiario.com\/index.php\/wp-json\/wp\/v2\/media\/108548"}],"wp:attachment":[{"href":"https:\/\/www.actualidadadiario.com\/index.php\/wp-json\/wp\/v2\/media?parent=108547"}],"wp:term":[{"taxonomy":"category","embeddable":true,"href":"https:\/\/www.actualidadadiario.com\/index.php\/wp-json\/wp\/v2\/categories?post=108547"},{"taxonomy":"post_tag","embeddable":true,"href":"https:\/\/www.actualidadadiario.com\/index.php\/wp-json\/wp\/v2\/tags?post=108547"}],"curies":[{"name":"wp","href":"https:\/\/api.w.org\/{rel}","templated":true}]}}