{"id":108544,"date":"2023-09-27T11:08:21","date_gmt":"2023-09-27T14:08:21","guid":{"rendered":"https:\/\/www.actualidadadiario.com\/?p=108544"},"modified":"2023-09-27T11:19:51","modified_gmt":"2023-09-27T14:19:51","slug":"elecciones-2023-como-llegan-los-candidatos-a-la-gobernacion","status":"publish","type":"post","link":"https:\/\/www.actualidadadiario.com\/index.php\/2023\/09\/27\/elecciones-2023-como-llegan-los-candidatos-a-la-gobernacion\/","title":{"rendered":"Elecciones 2023: c\u00f3mo llegan los candidatos a la gobernaci\u00f3n"},"content":{"rendered":"<p style=\"text-align: center;\"><em><strong>Con un desenlace donde prevalecer\u00e1 la paridad, los candidatos redefinen sus estrategias para ser m\u00e1s competitivos. Las Elecciones 2023 bajo la lupa de expertos<\/strong><\/em><\/p>\n<p>&nbsp;<\/p>\n<p>&nbsp;<\/p>\n<p>Si bien en Entre R\u00edos el 22 de octubre se votar\u00e1 para elegir diferentes cargos p\u00fablicos, la categor\u00eda que concentra la mayor atenci\u00f3n es la de gobernador, en una pulseada que estar\u00e1 signada nuevamente por un alto grado de polarizaci\u00f3n, en estas Elecciones 2023. Por la simultaneidad electoral tambi\u00e9n se definir\u00e1 en las urnas al nuevo presidente, aunque a diferencia de lo que sucedi\u00f3 en esta jurisdicci\u00f3n, en Naci\u00f3n se termin\u00f3 configurando un escenario de tercios.<\/p>\n<p>Teniendo como punto de referencia a las PASO, en este art\u00edculo se repasan las posibilidades electorales de los principales candidatos, los desaf\u00edos que tendr\u00e1n a menos de un mes de los comicios generales y el despliegue de estrategias para ser m\u00e1s competitivos en un sprint final marcado por la paridad. En ese contexto surgen las figuras de Ad\u00e1n Bahl (M\u00e1s por Entre R\u00edos) y Rogelio Frigerio (Juntos por Entre R\u00edos), junto al representante de la tercera fuerza m\u00e1s votada en la provincia, Sebasti\u00e1n Etchevehere. Seg\u00fan el escrutinio definitivo, Bahl qued\u00f3 como el candidato m\u00e1s votado en la categor\u00eda a gobernador ya que aventaj\u00f3 por 5.847 sufragios a Frigerio, el ganador de la interna de la coalici\u00f3n opositora. El recuento oficial de sufragios permite alcanzar un diagn\u00f3stico m\u00e1s preciso de la performance de cada una de las fuerzas: el \u00fanico candidato del frente justicialista obtuvo 274.477 votos. En el caso del frente opositor se puede presentar la informaci\u00f3n de otra manera: a los 268.630 sufragios de Frigerio, sumarles los 57.771 de Pedro Galimberti. Dan: 326.345 votos.<\/p>\n<p>Con este cuadro de situaci\u00f3n, llega el momento de las definiciones m\u00e1s cruciales para sus equipos de campa\u00f1a. Para arribar a algunas conclusiones articuladas desde un abordaje acad\u00e9mico-cient\u00edfico.<\/p>\n<p>Tres analistas pol\u00edticos evaluaron las debilidades y fortalezas del intendente de Paran\u00e1 y del exministro del Interior durante la presidencia de Cambiemos.<\/p>\n<p>En primer lugar, el licenciado en Ciencia Pol\u00edtica de la facultad de Trabajo Social de la Universidad Nacional de Entre R\u00edos (UNER), Maximiliano G\u00f3mez, rescat\u00f3 en su an\u00e1lisis el nivel de paridad entre Bahl y Frigerio como saldo de las primarias. \u201cTuvimos una elecci\u00f3n muy pareja entre los dos ganadores, no los dos ganadores de la interna, porque en la realidad Bahl no ten\u00eda interna dentro del PJ. Si medimos la cantidad de votos en favor de cada candidato, Bahl result\u00f3 el m\u00e1s votado en la jornada de las PASO con una escasa diferencia a su favor sobre Frigerio\u201d, dijo al iniciar su diagn\u00f3stico.<\/p>\n<p>El especialista adem\u00e1s estableci\u00f3 una comparaci\u00f3n entre los comicios nacionales y provinciales respecto del comportamiento del electorado: \u201cLo primero que podemos decir en relaci\u00f3n al escenario pol\u00edtico que qued\u00f3 despu\u00e9s de las PASO, fue que a nivel de la provincia de Entre R\u00edos no se repiti\u00f3 el escenario de tercios que se dio a nivel nacional. Mientras a nivel nacional tuvimos escasa diferencia entre el primero y el tercero, a nivel provincial en la categor\u00eda de gobernador esto fue sustancialmente distinto\u201d.<\/p>\n<p>&nbsp;<\/p>\n<p><strong>Estrategias en pugna<\/strong><\/p>\n<p>El entrevistado respondi\u00f3 a algunas de las variables que pueden incidir en la elecci\u00f3n, como por ejemplo, la necesidad que tiene el peronismo entrerriano de saldar definitivamente la interna en Concordia tras el contrapunto entre \u00c1ngel Giano y Armando Gay respecto del resultado de la primaria en la candidatura a intendente. Seg\u00fan G\u00f3mez \u201cen Concordia, que es el basti\u00f3n hist\u00f3rico del peronismo, no traccion\u00f3 como en otras elecciones, producto sobre todo de una feroz interna que reci\u00e9n se cerr\u00f3, por lo menos en t\u00e9rminos formales hace algunas semanas atr\u00e1s cuando reci\u00e9n en el escrutinio definitivo se termin\u00f3 conociendo qui\u00e9n iba a ser el candidato a intendente. En el caso de Bahl hay una apuesta por hacerse fuerte en Paran\u00e1 y en Concordia y de esa forma poder obtener una diferencia\u201d.<\/p>\n<p>Para el docente esa tensi\u00f3n est\u00e1 lejos de ser saldada \u201cpor las expresiones que han surgido desde los distintos sectores internos\u201d. Siguiendo con esta lectura se pronunci\u00f3 en relaci\u00f3n al destino del colch\u00f3n de votos que cosech\u00f3 Pedro Galimberti, dentro de la coalici\u00f3n opositora. En este sentido indic\u00f3 que uno de los desaf\u00edos de Frigerio \u201cde salir a retener los m\u00e1s de 50.000 votos que Pedro Galimberti obtuvo en la interna de JxC: son votos que adquieren un valor bastante m\u00e1s significativo que ten\u00edan quiz\u00e1s en las previsiones previas a las PASO, porque Galimberti estuvo por encima de los guarismos que se esperaba, sobre todo por el hecho de que compiti\u00f3 con boleta corta, sin tener la tracci\u00f3n de ninguna de las dos figuras presidenciales del espacio. Lo cual no es un tema menor, habida cuenta que Juntos por el Cambio en la categor\u00eda de presidente, sumando a los dos precandidatos gan\u00f3 en la provincia de Entre R\u00edos\u201d.<\/p>\n<p>En cuanto al desempe\u00f1o del candidato de La Libertad Avanza en suelo entrerriano, el consultor independiente mencion\u00f3 por primera vez el fen\u00f3meno de Javier Milei y su inesperada elecci\u00f3n en buena parte del pa\u00eds. En gran medida -observ\u00f3- la positiva performance de Etchevehere obedece al arrastre nacional del libertario. \u201cSe vio beneficiado en buena medida por la elecci\u00f3n presidencial de Javier Milei. Aunque tambi\u00e9n hay que decir oper\u00f3 en su contra un importante corte de boleta, con m\u00e1s de 60.000 entrerrianos que en las PASO votaron por Javier Milei como presidente, pero que cortaron la boleta de su candidato a gobernador que es Etchevehere. Entonces uno espera que esa operaci\u00f3n se repita por la contundencia de ese n\u00famero y en las pr\u00f3ximas elecciones generales, aunque tambi\u00e9n es cierto que hay una perspectiva de que Milei en Entre R\u00edos haga una elecci\u00f3n mejor que la de las PASO\u201d, argument\u00f3.<\/p>\n<p>La importante franja de ciudadanos que se abstuvo de participar en las elecciones intermedias surgi\u00f3 como otro de los ejes de estudio, al menos como factor que podr\u00eda incidir en la gran final del 22 de octubre. Tambi\u00e9n est\u00e1n incluidas en este universo las personas que anularon su voto y que directamente se inclinaron por votar en blanco.<\/p>\n<p>En la mirada del profesor universitario \u201ces uno de los grandes misterios, bastante dif\u00edciles de revelar o de anticipar. En primer lugar, porque la mayor\u00eda de los estudios cuantitativos de estilo encuesta que se realizan por estas semanas, no ahondan demasiado en ese universo de votantes que se expres\u00f3, o absteni\u00e9ndose de participar, es decir, absteni\u00e9ndose de emitir su sufragio o directamente anulando su voto o votando en blanco\u201d.<\/p>\n<p>En una primera conclusi\u00f3n sostuvo: \u201cSon un objeto de estudio bastante dif\u00edcil de poder develar en t\u00e9rminos de intencionalidad o en t\u00e9rminos de anticipar cu\u00e1l va a ser su comportamiento de cara a la pr\u00f3xima elecci\u00f3n. La tendencia hist\u00f3rica nos indica que la participaci\u00f3n en las generales siempre aumenta en relaci\u00f3n a las PASO. Pero tambi\u00e9n es cierto que la media de participaci\u00f3n en la provincia de Entre R\u00edos estuvo bastante por encima de la media de participaci\u00f3n si la comparamos con el resto del pa\u00eds\u201d.<\/p>\n<p>Para cerrar su diagn\u00f3stico entendi\u00f3 que \u201ces probable que mayor cantidad de gente vaya a votar en Entre R\u00edos, pero no va a ser tanta en comparaci\u00f3n con lo que podr\u00eda pasar en otras provincias, como por ejemplo Buenos Aires o Santa Fe, donde no llegaron al 70% de participaci\u00f3n en las PASO. Tambi\u00e9n es cierto que la perspectiva de cierta paridad que dejaron las PASO podr\u00eda implicar que personas que no se expresaron se encuentren m\u00e1s motivadas a ir a votar el pr\u00f3ximo 22 de octubre. Pero insisto, de momento es bastante dif\u00edcil poder anticipar con cierto grado de certeza c\u00f3mo se va a comportar esa fracci\u00f3n del electorado. Entiendo que por c\u00f3mo qued\u00f3 configurado el escenario es muy probable que tengan una alta incidencia sobre el resultado final. Sobre todo lo que tiene que ver con lo nacional, en particular tambi\u00e9n en el caso de la gobernaci\u00f3n de la provincia de Entre R\u00edos\u201d.<\/p>\n<p>&nbsp;<\/p>\n<p><strong>Coordenadas electorales<\/strong><\/p>\n<p>Con la intenci\u00f3n de establecer el curso de las coordenadas electorales rumbo a las generales de octubre, este medio convoc\u00f3 a un referente \u00e1mbito, pero que cada tanto acepta ser parte del debate pol\u00edtico en tiempos de campa\u00f1a. Diego Gantus, doctor en Ciencia Pol\u00edtica de la Universidad Nacional de Rosario (UNR), invit\u00f3 a pensar que este proceso electoral tuvo su punto de partida hace un a\u00f1o y medio atr\u00e1s. \u201cEn las previas cierres de listas, en la campa\u00f1a para las PASO y en este relanzamiento de cara a las generales, trato de tener siempre presente cu\u00e1l era el escenario pol\u00edtico un a\u00f1o y medio atr\u00e1s. Y un a\u00f1o y medio atr\u00e1s, a m\u00ed me parece que en Juntos por el Cambio, hab\u00eda una sensaci\u00f3n de elecci\u00f3n decidida y un clima de una derrota asumida por parte de lo que hoy es M\u00e1s por Entre R\u00edos. Tengo eso bien presente y debo decir que, en parte al menos la cuestionada estrategia electoral de Bordet al unificar las elecciones entrerrianas con las nacionales, me parece que ya ha dado sus frutos. \u00bfY cu\u00e1les son esos frutos que veo? Los de un Partido Justicialista competitivo de cara a unas elecciones que, insisto, un a\u00f1o y medio atr\u00e1s, parec\u00edan cosa jugada. Ese es mi punto de partida\u201d, dijo.<\/p>\n<p>Acto seguido Gantus consider\u00f3 que adem\u00e1s se deben en cuenta otras claves electorales, como el nivel de participaci\u00f3n de la ciudadan\u00eda y dentro de esa franja, cu\u00e1les son los sectores que se movilizar\u00e1n porque no lo hicieron en las primarias. En este punto, Gantus evalu\u00f3 que \u201cen primer lugar se debe mirar con atenci\u00f3n si el nivel de participaci\u00f3n que fue elevado en las PASO va a mantenerse. Entiendo que s\u00ed y que eventualmente podr\u00eda crecer. Y all\u00ed el gran interrogante es qui\u00e9nes se van a movilizar, que no lo hicieron en las elecciones pasadas. Entiendo que en general, a nivel pa\u00eds, y por lo menos en la zona central en la que ubicar\u00eda Entre R\u00edos, en general quienes no se movilizan en las PASO y lo har\u00e1n en las generales, suele ser poblaci\u00f3n de una edad relativamente avanzada. A priori ese votante suele elegir una alternativa distinta del peronismo. Lo pongo en esos t\u00e9rminos\u201d.<\/p>\n<p>El docente e investigador de la facultad de Trabajo Social (UNER) realiz\u00f3 una valoraci\u00f3n sobre cu\u00e1l ser\u00e1 el caudal de votos en blanco en funci\u00f3n de los altos guarismos registrados en las primarias en Entre R\u00edos. Gantus record\u00f3 que \u201cla cuesti\u00f3n es si el nivel del voto en blanco que sali\u00f3 tercero en las elecciones para gobernador, antes de La Libertad Avanza, se va a mantener en esos niveles o va a modificarse. En principio, no se me ocurre que pueda haber muy buenas razones para modificarse, en t\u00e9rminos de cu\u00e1l fue la elecci\u00f3n y cu\u00e1l va a ser la elecci\u00f3n de Entre R\u00edos. Pero s\u00ed creo que ese voto en blanco podr\u00eda eventualmente modificarse en funci\u00f3n de las din\u00e1micas de la competencia nacional y del arrastre de las boletas que tironean Juntos por el Cambio o La Libertad Avanza. Un voto en blanco que en algunos departamentos del norte de la provincia fue llamativamente alto: en Feliciano o en San Salvador. Hubo distritos en los que el voto en blanco estuvo en la categor\u00eda de gobernador muy por encima del promedio provincial. Entiendo que algunas de esas cosas podr\u00edan eventualmente modificarse, pero no necesariamente por el escenario pol\u00edtico provincial\u201d.<\/p>\n<p>Como tercer interrogante para esta contienda propuso mirar con atenci\u00f3n qu\u00e9 es lo que va a pasar con los votos obtenidos por Galimberti. En su apreciaci\u00f3n dijo que es necesario hacer una lectura del discurso del dirigente radical una vez conocido el resultado de la interna. \u201cLa tercera cuesti\u00f3n a mirar all\u00ed, en mi opini\u00f3n por lo menos, es qu\u00e9 va a pasar con los votos de Galimberti, quien dijo en un par de ocasiones que esos votos no ten\u00edan due\u00f1o. Entiendo que es dif\u00edcil pensar votos sin due\u00f1o a esta altura del partido. Realmente la capacidad que tenga Frigerio para retener todos esos votos y eventualmente hacerse con el gobierno provincial es algo que todav\u00eda estar\u00eda por verse. No tengo ning\u00fan elemento de juicio, ninguna evidencia para pensar que autom\u00e1ticamente podr\u00edan transferirse todos esos votos o una porci\u00f3n muy importante a Frigerio, por el tipo de competencia interna y por las decisiones que tom\u00f3 Frigerio, o por lo menos su sector, al momento de impedirle a Galimberti ir con una boleta entera\u201d, subray\u00f3.<\/p>\n<p>&nbsp;<\/p>\n<p><strong>Dos frentes competitivos<\/strong><\/p>\n<p>En la entrevista el docente, al igual que otros analistas, insisti\u00f3 en el que octubre ser\u00e1 un escenario polarizado con dos fuerzas sumamente competitivas. Y reforz\u00f3 esa idea con la siguiente lectura: \u201cHonestamente no veo otro escenario. Los escenarios posibles es que no cambie la cosa, que Frigerio retenga esos votos y Juntos por el Cambio gane por 4 o 5 puntos y nadie estar\u00eda sorprendido. Un segundo escenario podr\u00eda ser que Bahl y Etchevehere suban por el arrastre de sus candidatos nacionales, sumado a que eventualmente Frigerio no pueda retener ese voto. Entonces podr\u00eda pasar que Frigerio no llegue al 45% como sac\u00f3 su frente, y M\u00e1s por Entre R\u00edos se acerque al 42% o el 43% y a lo mejor estamos hablando de que de nuevo el Justicialismo puede ser gobierno por uno o dos puntos de diferencia\u201d. En esa misma l\u00ednea arriesg\u00f3 que \u201cser\u00e1 un escenario realmente muy competitivo, y no veo que aun cuando Milei crezca significativamente 4 o 5 puntos a nivel nacional, eso pueda traducirse en un arrastre muy fuerte de la boleta de La Libertad Avanza en la provincia, porque sencillamente eso no ocurre. Vamos a un escenario de paridad en donde cualquiera de los dos puede ganar, y tendr\u00edamos buenas razones para poder explicar por qu\u00e9 gan\u00f3 uno o porqu\u00e9 gan\u00f3 el otro\u201d.<\/p>\n<p>Para cerrar insisti\u00f3 que el desaf\u00edo central de Juntos por Entre R\u00edos ser\u00e1 retener los votos del exintendente de Chajar\u00ed, aunque repar\u00f3 en el hecho de que \u201cpero tambi\u00e9n hay gente que puede haber quedado muy dolida y que sencillamente no ir\u00e1 a votar. Que fue con Galimberti, que entendi\u00f3 que lo que hizo Frigerio en la provincia no se hace, y votaron a Galimberti, \u2018para morir con su candidato\u2019, pero despu\u00e9s en las generales dicen \u2018no nos vengan a buscar\u201d.<\/p>\n<p>En su diagn\u00f3stico acerca de la estrategia elegida por Bahl asegur\u00f3 que \u201cla principal estrategia, y los esfuerzos de Bordet han estado puestos en tratar de zurcir las heridas que puedo haber dejado el cierre de listas primero y la competencia interna: el caso paradigm\u00e1tico de Concordia. La decisi\u00f3n se termin\u00f3 de definir 25 d\u00edas despu\u00e9s de cerrado los comicios\u201d.<\/p>\n","protected":false},"excerpt":{"rendered":"<p>Con un desenlace donde prevalecer\u00e1 la paridad, los candidatos redefinen sus estrategias para ser m\u00e1s competitivos. Las Elecciones 2023 bajo la lupa de expertos &nbsp; &nbsp; Si bien en Entre R\u00edos el 22 de octubre se votar\u00e1 para elegir diferentes cargos p\u00fablicos, la categor\u00eda que concentra la mayor atenci\u00f3n es la de gobernador, en una pulseada que estar\u00e1 signada nuevamente por un alto grado de polarizaci\u00f3n, en estas Elecciones 2023. Por la simultaneidad electoral tambi\u00e9n se definir\u00e1 en las urnas al nuevo presidente, aunque a diferencia de lo que sucedi\u00f3&#8230;<\/p>\n","protected":false},"author":3,"featured_media":108189,"comment_status":"closed","ping_status":"closed","sticky":false,"template":"","format":"standard","meta":[],"categories":[9],"tags":[],"_links":{"self":[{"href":"https:\/\/www.actualidadadiario.com\/index.php\/wp-json\/wp\/v2\/posts\/108544"}],"collection":[{"href":"https:\/\/www.actualidadadiario.com\/index.php\/wp-json\/wp\/v2\/posts"}],"about":[{"href":"https:\/\/www.actualidadadiario.com\/index.php\/wp-json\/wp\/v2\/types\/post"}],"author":[{"embeddable":true,"href":"https:\/\/www.actualidadadiario.com\/index.php\/wp-json\/wp\/v2\/users\/3"}],"replies":[{"embeddable":true,"href":"https:\/\/www.actualidadadiario.com\/index.php\/wp-json\/wp\/v2\/comments?post=108544"}],"version-history":[{"count":1,"href":"https:\/\/www.actualidadadiario.com\/index.php\/wp-json\/wp\/v2\/posts\/108544\/revisions"}],"predecessor-version":[{"id":108545,"href":"https:\/\/www.actualidadadiario.com\/index.php\/wp-json\/wp\/v2\/posts\/108544\/revisions\/108545"}],"wp:featuredmedia":[{"embeddable":true,"href":"https:\/\/www.actualidadadiario.com\/index.php\/wp-json\/wp\/v2\/media\/108189"}],"wp:attachment":[{"href":"https:\/\/www.actualidadadiario.com\/index.php\/wp-json\/wp\/v2\/media?parent=108544"}],"wp:term":[{"taxonomy":"category","embeddable":true,"href":"https:\/\/www.actualidadadiario.com\/index.php\/wp-json\/wp\/v2\/categories?post=108544"},{"taxonomy":"post_tag","embeddable":true,"href":"https:\/\/www.actualidadadiario.com\/index.php\/wp-json\/wp\/v2\/tags?post=108544"}],"curies":[{"name":"wp","href":"https:\/\/api.w.org\/{rel}","templated":true}]}}