{"id":108541,"date":"2023-09-26T11:07:11","date_gmt":"2023-09-26T14:07:11","guid":{"rendered":"https:\/\/www.actualidadadiario.com\/?p=108541"},"modified":"2023-09-26T11:07:11","modified_gmt":"2023-09-26T14:07:11","slug":"la-camara-de-diputados-sesionara-este-miercoles-4","status":"publish","type":"post","link":"https:\/\/www.actualidadadiario.com\/index.php\/2023\/09\/26\/la-camara-de-diputados-sesionara-este-miercoles-4\/","title":{"rendered":"La C\u00e1mara de Diputados sesionar\u00e1 este mi\u00e9rcoles"},"content":{"rendered":"<p style=\"text-align: center;\"><em><strong>La C\u00e1mara de Diputados de Entre R\u00edos realizar\u00e1 este mi\u00e9rcoles a las 11 su 11\u00ba Sesi\u00f3n Ordinaria del 144\u00ba Per\u00edodo Legislativo<\/strong><\/em><\/p>\n<p>&nbsp;<\/p>\n<p>&nbsp;<\/p>\n<p>Previamente, a las 9 hs. tendr\u00e1 lugar la reuni\u00f3n de Labor Parlamentaria entre las autoridades de la C\u00e1mara y de bloques.<\/p>\n","protected":false},"excerpt":{"rendered":"<p>La C\u00e1mara de Diputados de Entre R\u00edos realizar\u00e1 este mi\u00e9rcoles a las 11 su 11\u00ba Sesi\u00f3n Ordinaria del 144\u00ba Per\u00edodo Legislativo &nbsp; &nbsp; Previamente, a las 9 hs. tendr\u00e1 lugar la reuni\u00f3n de Labor Parlamentaria entre las autoridades de la C\u00e1mara y de bloques.<\/p>\n","protected":false},"author":3,"featured_media":108542,"comment_status":"closed","ping_status":"closed","sticky":false,"template":"","format":"standard","meta":[],"categories":[15],"tags":[],"_links":{"self":[{"href":"https:\/\/www.actualidadadiario.com\/index.php\/wp-json\/wp\/v2\/posts\/108541"}],"collection":[{"href":"https:\/\/www.actualidadadiario.com\/index.php\/wp-json\/wp\/v2\/posts"}],"about":[{"href":"https:\/\/www.actualidadadiario.com\/index.php\/wp-json\/wp\/v2\/types\/post"}],"author":[{"embeddable":true,"href":"https:\/\/www.actualidadadiario.com\/index.php\/wp-json\/wp\/v2\/users\/3"}],"replies":[{"embeddable":true,"href":"https:\/\/www.actualidadadiario.com\/index.php\/wp-json\/wp\/v2\/comments?post=108541"}],"version-history":[{"count":1,"href":"https:\/\/www.actualidadadiario.com\/index.php\/wp-json\/wp\/v2\/posts\/108541\/revisions"}],"predecessor-version":[{"id":108543,"href":"https:\/\/www.actualidadadiario.com\/index.php\/wp-json\/wp\/v2\/posts\/108541\/revisions\/108543"}],"wp:featuredmedia":[{"embeddable":true,"href":"https:\/\/www.actualidadadiario.com\/index.php\/wp-json\/wp\/v2\/media\/108542"}],"wp:attachment":[{"href":"https:\/\/www.actualidadadiario.com\/index.php\/wp-json\/wp\/v2\/media?parent=108541"}],"wp:term":[{"taxonomy":"category","embeddable":true,"href":"https:\/\/www.actualidadadiario.com\/index.php\/wp-json\/wp\/v2\/categories?post=108541"},{"taxonomy":"post_tag","embeddable":true,"href":"https:\/\/www.actualidadadiario.com\/index.php\/wp-json\/wp\/v2\/tags?post=108541"}],"curies":[{"name":"wp","href":"https:\/\/api.w.org\/{rel}","templated":true}]}}