{"id":108538,"date":"2023-09-26T11:05:02","date_gmt":"2023-09-26T14:05:02","guid":{"rendered":"https:\/\/www.actualidadadiario.com\/?p=108538"},"modified":"2023-09-26T11:05:02","modified_gmt":"2023-09-26T14:05:02","slug":"docentes-cobran-hoy-por-complementaria-el-109-de-aumento-salarial","status":"publish","type":"post","link":"https:\/\/www.actualidadadiario.com\/index.php\/2023\/09\/26\/docentes-cobran-hoy-por-complementaria-el-109-de-aumento-salarial\/","title":{"rendered":"Docentes cobran hoy por complementaria el 10,9% de aumento salarial"},"content":{"rendered":"<p style=\"text-align: center;\"><em><strong>Ese porcentaje corresponde a la diferencia entre pauta salarial e inflaci\u00f3n acumulada, m\u00e1s el 7% por encima de la inflaci\u00f3n. De este modo se da cumplimiento al acuerdo paritario del 14 de septiembre<\/strong><\/em><\/p>\n<p>&nbsp;<\/p>\n<p>&nbsp;<\/p>\n<p>La Asociaci\u00f3n Gremial del Magisterio de Entre R\u00edos (Agmer) inform\u00f3 que este martes 26 de septiembre se pagar\u00e1 la complementaria a las y los docentes, con el 10,9% de aumento salarial establecido en negociaciones paritarias.<\/p>\n<p>Ese porcentaje corresponde a la diferencia entre pauta salarial e inflaci\u00f3n acumulada, m\u00e1s el 7% por encima de la inflaci\u00f3n.<\/p>\n<p>Con esta liquidaci\u00f3n, que oficialmente se inform\u00f3 estar\u00e1 disponible para el cobro este martes, se da por cumplimentado el acuerdo paritario firmado el 14 de septiembre, se\u00f1al\u00f3 el gremio.<\/p>\n","protected":false},"excerpt":{"rendered":"<p>Ese porcentaje corresponde a la diferencia entre pauta salarial e inflaci\u00f3n acumulada, m\u00e1s el 7% por encima de la inflaci\u00f3n. De este modo se da cumplimiento al acuerdo paritario del 14 de septiembre &nbsp; &nbsp; La Asociaci\u00f3n Gremial del Magisterio de Entre R\u00edos (Agmer) inform\u00f3 que este martes 26 de septiembre se pagar\u00e1 la complementaria a las y los docentes, con el 10,9% de aumento salarial establecido en negociaciones paritarias. Ese porcentaje corresponde a la diferencia entre pauta salarial e inflaci\u00f3n acumulada, m\u00e1s el 7% por encima de la inflaci\u00f3n&#8230;.<\/p>\n","protected":false},"author":3,"featured_media":108539,"comment_status":"closed","ping_status":"closed","sticky":false,"template":"","format":"standard","meta":[],"categories":[15],"tags":[],"_links":{"self":[{"href":"https:\/\/www.actualidadadiario.com\/index.php\/wp-json\/wp\/v2\/posts\/108538"}],"collection":[{"href":"https:\/\/www.actualidadadiario.com\/index.php\/wp-json\/wp\/v2\/posts"}],"about":[{"href":"https:\/\/www.actualidadadiario.com\/index.php\/wp-json\/wp\/v2\/types\/post"}],"author":[{"embeddable":true,"href":"https:\/\/www.actualidadadiario.com\/index.php\/wp-json\/wp\/v2\/users\/3"}],"replies":[{"embeddable":true,"href":"https:\/\/www.actualidadadiario.com\/index.php\/wp-json\/wp\/v2\/comments?post=108538"}],"version-history":[{"count":1,"href":"https:\/\/www.actualidadadiario.com\/index.php\/wp-json\/wp\/v2\/posts\/108538\/revisions"}],"predecessor-version":[{"id":108540,"href":"https:\/\/www.actualidadadiario.com\/index.php\/wp-json\/wp\/v2\/posts\/108538\/revisions\/108540"}],"wp:featuredmedia":[{"embeddable":true,"href":"https:\/\/www.actualidadadiario.com\/index.php\/wp-json\/wp\/v2\/media\/108539"}],"wp:attachment":[{"href":"https:\/\/www.actualidadadiario.com\/index.php\/wp-json\/wp\/v2\/media?parent=108538"}],"wp:term":[{"taxonomy":"category","embeddable":true,"href":"https:\/\/www.actualidadadiario.com\/index.php\/wp-json\/wp\/v2\/categories?post=108538"},{"taxonomy":"post_tag","embeddable":true,"href":"https:\/\/www.actualidadadiario.com\/index.php\/wp-json\/wp\/v2\/tags?post=108538"}],"curies":[{"name":"wp","href":"https:\/\/api.w.org\/{rel}","templated":true}]}}