{"id":108530,"date":"2023-09-26T11:02:24","date_gmt":"2023-09-26T14:02:24","guid":{"rendered":"https:\/\/www.actualidadadiario.com\/?p=108530"},"modified":"2023-09-26T11:02:24","modified_gmt":"2023-09-26T14:02:24","slug":"bordet-y-bahl-inauguraron-el-nuevo-laboratorio-provincial-de-epidemiologia","status":"publish","type":"post","link":"https:\/\/www.actualidadadiario.com\/index.php\/2023\/09\/26\/bordet-y-bahl-inauguraron-el-nuevo-laboratorio-provincial-de-epidemiologia\/","title":{"rendered":"Bordet y Bahl inauguraron el nuevo laboratorio provincial de epidemiolog\u00eda"},"content":{"rendered":"<p style=\"text-align: center;\"><em><strong>El gobernador Gustavo Bordet, el intendente de Paran\u00e1, Ad\u00e1n Bahl y la ministra de Gobierno, Rosario Romero, inauguraron el nuevo laboratorio provincial de epidemiolog\u00eda. \u201cEs un avance muy importante que fortalece todo el sistema y las redes de salud p\u00fablica de la provincia\u201d, remarc\u00f3 el mandatario<\/strong><\/em><\/p>\n<p>&nbsp;<\/p>\n<p>&nbsp;<\/p>\n<p>El nuevo laboratorio provincial de epidemiolog\u00eda integrar\u00e1 el Instituto Nacional de Enfermedades Respiratorias \u201cDr. Emilio Coni\u201d (INER), teniendo como epicentro al Instituto Nacional de Enfermedades Infecciosas Dr. Carlos G. Malbr\u00e1n\u201d (INEI).<\/p>\n<p>Se encuentra ubicado en las inmediaciones del edificio del hospital La Baxada. La provincia invirti\u00f3 225 millones de pesos para su construcci\u00f3n.<\/p>\n<p>Participaron tambi\u00e9n la vicegobernadora, Laura Stratta; la ministra de Salud, Sonia Vel\u00e1zquez, su par de Planeamiento, Marcelo Richard, y la diputada provincial, Stefan\u00eda Cora.<\/p>\n<p>&nbsp;<\/p>\n<p><strong>Dar respuesta a la poblaci\u00f3n<\/strong><\/p>\n<p>Durante el acto, Bordet resalt\u00f3 que \u201cel laboratorio es referencia en la provincia\u201d, porque \u201clleva adelante el an\u00e1lisis de la informaci\u00f3n que se recopilan en las distintas localidades\u201d.<\/p>\n<p>&#8220;Este laboratorio tiene una larga historia&#8221;, record\u00f3 y se\u00f1al\u00f3 que &#8220;necesitaba un edificio propio\u201d. Frente a ello, \u201cdecidimos hacer un proyecto que contemple todas las condiciones y requerimientos para que funcione como un laboratorio, porque hasta ahora, el trabajo se ven\u00eda adaptando a las condiciones edilicias con las que contaba&#8221;, puntualiz\u00f3.<\/p>\n<p>En esa l\u00ednea, Bordet puso de relieve que el laboratorio provincial de epidemiolog\u00eda, &#8220;tal como sucedi\u00f3 en la pandemia, recepciona, centraliza y analiza informaci\u00f3n de todo el territorio\u201d, y tambi\u00e9n \u201cinvestiga el desarrollo de otras patolog\u00edas y en materia gen\u00f3mica\u201d.<\/p>\n<p>Adem\u00e1s resalt\u00f3 el car\u00e1cter estrat\u00e9gico de su ubicaci\u00f3n: \u201ces fundamental tener una vinculaci\u00f3n cercana con el hospital De la Baxada\u201d. Y puso de relieve que el nuevo edificio \u201cest\u00e1 muy bien planificado y tiene una aparatolog\u00eda e instrumentales de primera generaci\u00f3n\u201d.<\/p>\n<p>Bordet tambi\u00e9n agradeci\u00f3 &#8220;a todo el personal que trabaja en el laboratorio\u201d, porque \u201cen circunstancias muy dif\u00edciles, y condiciones muy adversas, en la pandemia, hab\u00eda que ponerse r\u00e1pidamente a disposici\u00f3n de la comunidad y lo lograron con creces\u201d. \u201cPoder contar con esta nueva estructura mejorar\u00e1 significativamente el diagn\u00f3stico en nuestra provincia\u201d, remarc\u00f3.<\/p>\n<p>Tambi\u00e9n entreg\u00f3 una ambulancia para el Centro de Salud Arturo O\u00f1ativia, de la ciudad de Paran\u00e1, y record\u00f3 la inauguraci\u00f3n de camas de internaci\u00f3n media y de terapia intensiva en el hospital San Mart\u00edn, la habilitaci\u00f3n de quir\u00f3fanos para hacer intervenciones en el hospital De la Baxada, y &#8220;ahora este laboratorio que fortalece todo lo que es una red de salud p\u00fablica con equipamiento, ambulancias e inversiones en m\u00e1s de 20 centros nuevos que estamos haciendo en toda la provincia\u201d.<\/p>\n<p>\u201cEsto viene a demostrar que estamos generando las mejores condiciones en materia de salud p\u00fablica para continuar brindando respuesta, haciendo eje en la prevenci\u00f3n de las enfermedades, y para lograr que nuestra poblaci\u00f3n est\u00e9 atendida y tenga sus necesidades cubiertas &#8220;, remarc\u00f3 Bordet.<\/p>\n<p>&nbsp;<\/p>\n<p><strong>Priorizar la salud<\/strong><\/p>\n<p>Por su parte, el intendente de Paran\u00e1, Ad\u00e1n Bahl, celebr\u00f3 el nuevo edificio y sostuvo que \u201cir por m\u00e1s es priorizar la salud de todos los entrerrianos\u201d, y remarc\u00f3 que esto es \u201calgo que nuestro gobernador viene haciendo a lo largo y ancho de toda la provincia: invirtiendo en infraestructura sanitaria y equipando centros de salud y hospitales para mejorar y ampliar los servicios en cada pueblo y ciudad\u201d, as\u00ed como tambi\u00e9n \u201cjerarquizando al personal, que con mucha responsabilidad y profesionalismo cuidan la salud de todos nosotros\u201d, expres\u00f3.<\/p>\n<p>&nbsp;<\/p>\n<p><strong>Un antes y un despu\u00e9s<\/strong><\/p>\n<p>Por su parte, la ministra Vel\u00e1zquez se\u00f1al\u00f3 que &#8220;es un d\u00eda hist\u00f3rico para la salud de la provincia de Entre R\u00edos, porque este laboratorio de epidemiolog\u00eda provincial se suma a la red de laboratorios de genoma a nivel nacional\u201d. Precis\u00f3 que va a formar parte del Instituto Nacional de Enfermedades Respiratorias Dr. Emilio Coni (INER), teniendo como epicentro al Instituto Nacional de Enfermedades Infecciosas Dr. Carlos G. Malbr\u00e1n\u201d (INEI).<\/p>\n<p>\u201cEste gran laboratorio para nosotros constituye un ante y un despu\u00e9s, porque re\u00fane todas las condicionalidades b\u00e1sicas y espec\u00edficas\u201d, subray\u00f3 y detall\u00f3 que \u201cadem\u00e1s de poder trabajar con todas las amenazas diarias de microorganismos infecciosos, tambi\u00e9n incorpora un laboratorio de genoma y laboratorios de microbiolog\u00eda, bacteriolog\u00eda y de entomatolog\u00eda\u201d.<\/p>\n<p>Explic\u00f3 que \u201ctodo esto ya se ven\u00eda trabajando en un edificio que no reun\u00eda todas las condiciones, pero aun as\u00ed en etapa de pandemia no interrumpi\u00f3 el proceso, ya que recibi\u00f3 muestras de toda la red p\u00fablica de la provincia. Adem\u00e1s, el talento humano de este laboratorio constituye un equipo capacitador de las otras redes de nodos epidemiol\u00f3gicos de los distintos laboratorios, tanto p\u00fablicos como privados de la provincia\u201d.<\/p>\n<p>&nbsp;<\/p>\n<p><strong>El laboratorio<\/strong><\/p>\n<p>El Laboratorio Epidemiol\u00f3gico Provincial est\u00e1 ubicado en el predio sobre calle General Espejo, entre Alvarado y Paracao, en las inmediaciones del edificio del hospital La Baxada, de la capital entrerriana. Para llevar a cabo la obra se destin\u00f3 una inversi\u00f3n de 225.335.025 pesos provenientes del tesoro provincial.<\/p>\n<p>El nuevo edificio comprende tres grandes \u00e1reas dis\u00edmiles entre s\u00ed por sus caracter\u00edsticas funcionales y sanitarias: t\u00e9cnica y administrativa, de procesamiento bioqu\u00edmico y de servicios. Toda la obra se emplaza en un terreno de aproximadamente 1.055 m2 y ocupa una superficie cubierta de 500 m2.<\/p>\n<p>El \u00e1rea t\u00e9cnica y administrativa ser\u00e1 de circulaci\u00f3n p\u00fablica y semip\u00fablica. All\u00ed se realizar\u00e1 la extracci\u00f3n y recepci\u00f3n de muestras, estar\u00e1n las salas de reuniones y capacitaciones, el sector de post-anal\u00edtica y realizaci\u00f3n de informes, la sala de espera y la administraci\u00f3n del laboratorio.<\/p>\n<p>El \u00e1rea de procesamiento bioqu\u00edmico abarca los laboratorios de serolog\u00eda, de biolog\u00eda molecular, bacteriolog\u00eda y entomolog\u00eda, con sus respectivos subsectores. Cada uno de estos sectores estar\u00e1 condicionado a las normas vigentes de contenci\u00f3n biol\u00f3gica.<\/p>\n<p>Finalmente, el \u00e1rea de servicios estar\u00e1 pr\u00f3xima al ingreso secundario que incluye los locales de apoyatura, mantenimiento y asistencia log\u00edstica. Para ello contar\u00e1 con vestuario para el personal, cocina, dep\u00f3sito, sala de residuos patol\u00f3gicos y patio de servicio.<\/p>\n<p>El laboratorio se plante\u00f3 en un solo nivel y con ingresos diferenciados acorde a los servicios brindados, con paneler\u00eda divisoria de aluminio y vidrio, para una mayor iluminaci\u00f3n natural. Los materiales utilizados fueron hormig\u00f3n, mamposter\u00eda de H.C.C.A. con aislaci\u00f3n t\u00e9rmica adicional, carpinter\u00eda de aluminio y vidrio, pisos impermeables de alto tr\u00e1nsito, mesada inmune al derrame de reactivos y pintura epoxi antibacterial, entre otros.<\/p>\n<p>La instalaci\u00f3n el\u00e9ctrica es de alta y baja tensi\u00f3n, contemplando as\u00ed el suministro energ\u00e9tico imprescindible. Para la provisi\u00f3n de agua caliente se instalaron calefones solares, con el fin de promover la sustentabilidad.<\/p>\n","protected":false},"excerpt":{"rendered":"<p>El gobernador Gustavo Bordet, el intendente de Paran\u00e1, Ad\u00e1n Bahl y la ministra de Gobierno, Rosario Romero, inauguraron el nuevo laboratorio provincial de epidemiolog\u00eda. \u201cEs un avance muy importante que fortalece todo el sistema y las redes de salud p\u00fablica de la provincia\u201d, remarc\u00f3 el mandatario &nbsp; &nbsp; El nuevo laboratorio provincial de epidemiolog\u00eda integrar\u00e1 el Instituto Nacional de Enfermedades Respiratorias \u201cDr. Emilio Coni\u201d (INER), teniendo como epicentro al Instituto Nacional de Enfermedades Infecciosas Dr. Carlos G. Malbr\u00e1n\u201d (INEI). Se encuentra ubicado en las inmediaciones del edificio del hospital La&#8230;<\/p>\n","protected":false},"author":3,"featured_media":108531,"comment_status":"closed","ping_status":"closed","sticky":false,"template":"","format":"standard","meta":[],"categories":[15],"tags":[],"_links":{"self":[{"href":"https:\/\/www.actualidadadiario.com\/index.php\/wp-json\/wp\/v2\/posts\/108530"}],"collection":[{"href":"https:\/\/www.actualidadadiario.com\/index.php\/wp-json\/wp\/v2\/posts"}],"about":[{"href":"https:\/\/www.actualidadadiario.com\/index.php\/wp-json\/wp\/v2\/types\/post"}],"author":[{"embeddable":true,"href":"https:\/\/www.actualidadadiario.com\/index.php\/wp-json\/wp\/v2\/users\/3"}],"replies":[{"embeddable":true,"href":"https:\/\/www.actualidadadiario.com\/index.php\/wp-json\/wp\/v2\/comments?post=108530"}],"version-history":[{"count":1,"href":"https:\/\/www.actualidadadiario.com\/index.php\/wp-json\/wp\/v2\/posts\/108530\/revisions"}],"predecessor-version":[{"id":108532,"href":"https:\/\/www.actualidadadiario.com\/index.php\/wp-json\/wp\/v2\/posts\/108530\/revisions\/108532"}],"wp:featuredmedia":[{"embeddable":true,"href":"https:\/\/www.actualidadadiario.com\/index.php\/wp-json\/wp\/v2\/media\/108531"}],"wp:attachment":[{"href":"https:\/\/www.actualidadadiario.com\/index.php\/wp-json\/wp\/v2\/media?parent=108530"}],"wp:term":[{"taxonomy":"category","embeddable":true,"href":"https:\/\/www.actualidadadiario.com\/index.php\/wp-json\/wp\/v2\/categories?post=108530"},{"taxonomy":"post_tag","embeddable":true,"href":"https:\/\/www.actualidadadiario.com\/index.php\/wp-json\/wp\/v2\/tags?post=108530"}],"curies":[{"name":"wp","href":"https:\/\/api.w.org\/{rel}","templated":true}]}}