{"id":108519,"date":"2023-09-25T14:08:53","date_gmt":"2023-09-25T17:08:53","guid":{"rendered":"https:\/\/www.actualidadadiario.com\/?p=108519"},"modified":"2023-09-25T14:08:53","modified_gmt":"2023-09-25T17:08:53","slug":"agujero-de-la-capa-de-ozono-sobre-la-argentina-podria-ser-el-mas-grande-de-los-ultimos-anos","status":"publish","type":"post","link":"https:\/\/www.actualidadadiario.com\/index.php\/2023\/09\/25\/agujero-de-la-capa-de-ozono-sobre-la-argentina-podria-ser-el-mas-grande-de-los-ultimos-anos\/","title":{"rendered":"Agujero de la capa de ozono sobre la Argentina: podr\u00eda ser el m\u00e1s grande de los \u00faltimos a\u00f1os"},"content":{"rendered":"<p style=\"text-align: center;\"><em><strong>No se ha registrado una extensi\u00f3n de este tipo desde el a\u00f1o 2015. Es un elemento clave para reducir la intensidad de los rayos UV que ingresan a la Tierra<\/strong><\/em><\/p>\n<p>&nbsp;<\/p>\n<p>&nbsp;<\/p>\n<p>Los datos sobre la reducci\u00f3n del agujero de la capa de ozono, una de las principales preocupaciones ambientales, ven\u00edan siendo alentadores en los \u00faltimos a\u00f1os. Pero, en este 2023 parecer\u00eda haber sido todo lo contrario: podr\u00eda ser el m\u00e1s grande desde 2015. Entre el jueves 21 y el viernes 22, se posicion\u00f3 en Argentina sobre la provincia de Tierra del Fuego, seg\u00fan inform\u00f3 el Servicio Meteorol\u00f3gico Nacional (SMN).<\/p>\n<p>El agujero de ozono, todos los a\u00f1os se forma entre agosto y diciembre, esto quiere decir que lleva a una mayor penetraci\u00f3n de los rayos ultravioletas (UV) del sol. Seg\u00fan el informe cuatrienal del Grupo de Evaluaci\u00f3n Cient\u00edfica del Protocolo de Montreal, se confirm\u00f3 que hay una notable recuperaci\u00f3n en la estratosfera superior y una reducci\u00f3n de la exposici\u00f3n humana a los rayos, que son nocivos para la salud.<\/p>\n<p>Sin embargo, el agujero que se registr\u00f3 este a\u00f1o podr\u00eda ser el m\u00e1s amplio en los \u00faltimos ocho, alcanzando dimensiones de m\u00e1s de 16 millones de kil\u00f3metros cuadrados en agosto, seg\u00fan datos del programa Cop\u00e9rnico de la Uni\u00f3n Europea. Mientras que en 2019, su extensi\u00f3n fue de aproximadamente 6,3 millones de kil\u00f3metros cuadrados, la m\u00e1s peque\u00f1a desde que se comenz\u00f3 a medir en 1982.<\/p>\n<p>El SMN se\u00f1al\u00f3 que, debido a que el cielo estuvo nublado durante la presencia del agujero de ozono sobre el sur de la Patagonia, la incidencia de los rayos ultravioleta se vio reducida. No obstante, se recomienda el uso de protector solar, as\u00ed como la utilizaci\u00f3n de sombreros o lentes de sol protectoras, y la evitaci\u00f3n de la exposici\u00f3n directa a la luz solar cuando sea posible, ya que la radiaci\u00f3n UV puede causar quemaduras, cataratas e incluso c\u00e1ncer de piel.<\/p>\n<p>&nbsp;<\/p>\n<p><strong>Factores que afectan a la capa de ozono<\/strong><\/p>\n<p>La disminuci\u00f3n del ozono est\u00e1 afectada por una gran variedad de factores. Pero, expertos consideran que una de las causas del aumento del agujero este a\u00f1o podr\u00eda ser: la erupci\u00f3n del volc\u00e1n submarino Hunga Tonga en enero de 2022. Este evento result\u00f3 en la expulsi\u00f3n de millones de toneladas de vapor de agua en la atm\u00f3sfera que llegaron a la estrat\u00f3sfera ant\u00e1rtica.<\/p>\n<p>Mientras que, otra explicaci\u00f3n posible est\u00e1 relacionada a los efectos del cambio clim\u00e1tico. Debido a que el agujero de ozono est\u00e1 afectado por condiciones meteorol\u00f3gicas, incluso peque\u00f1os cambios en la temperatura pueden influir en su formaci\u00f3n.<\/p>\n","protected":false},"excerpt":{"rendered":"<p>No se ha registrado una extensi\u00f3n de este tipo desde el a\u00f1o 2015. Es un elemento clave para reducir la intensidad de los rayos UV que ingresan a la Tierra &nbsp; &nbsp; Los datos sobre la reducci\u00f3n del agujero de la capa de ozono, una de las principales preocupaciones ambientales, ven\u00edan siendo alentadores en los \u00faltimos a\u00f1os. Pero, en este 2023 parecer\u00eda haber sido todo lo contrario: podr\u00eda ser el m\u00e1s grande desde 2015. Entre el jueves 21 y el viernes 22, se posicion\u00f3 en Argentina sobre la provincia de&#8230;<\/p>\n","protected":false},"author":3,"featured_media":108520,"comment_status":"closed","ping_status":"closed","sticky":false,"template":"","format":"standard","meta":[],"categories":[4],"tags":[],"_links":{"self":[{"href":"https:\/\/www.actualidadadiario.com\/index.php\/wp-json\/wp\/v2\/posts\/108519"}],"collection":[{"href":"https:\/\/www.actualidadadiario.com\/index.php\/wp-json\/wp\/v2\/posts"}],"about":[{"href":"https:\/\/www.actualidadadiario.com\/index.php\/wp-json\/wp\/v2\/types\/post"}],"author":[{"embeddable":true,"href":"https:\/\/www.actualidadadiario.com\/index.php\/wp-json\/wp\/v2\/users\/3"}],"replies":[{"embeddable":true,"href":"https:\/\/www.actualidadadiario.com\/index.php\/wp-json\/wp\/v2\/comments?post=108519"}],"version-history":[{"count":1,"href":"https:\/\/www.actualidadadiario.com\/index.php\/wp-json\/wp\/v2\/posts\/108519\/revisions"}],"predecessor-version":[{"id":108521,"href":"https:\/\/www.actualidadadiario.com\/index.php\/wp-json\/wp\/v2\/posts\/108519\/revisions\/108521"}],"wp:featuredmedia":[{"embeddable":true,"href":"https:\/\/www.actualidadadiario.com\/index.php\/wp-json\/wp\/v2\/media\/108520"}],"wp:attachment":[{"href":"https:\/\/www.actualidadadiario.com\/index.php\/wp-json\/wp\/v2\/media?parent=108519"}],"wp:term":[{"taxonomy":"category","embeddable":true,"href":"https:\/\/www.actualidadadiario.com\/index.php\/wp-json\/wp\/v2\/categories?post=108519"},{"taxonomy":"post_tag","embeddable":true,"href":"https:\/\/www.actualidadadiario.com\/index.php\/wp-json\/wp\/v2\/tags?post=108519"}],"curies":[{"name":"wp","href":"https:\/\/api.w.org\/{rel}","templated":true}]}}